{"id":26672,"date":"2020-02-17T14:15:55","date_gmt":"2020-02-17T14:15:55","guid":{"rendered":"https:\/\/sertv.gob.pa\/crisolfm\/?p=26672"},"modified":"2020-02-17T14:15:55","modified_gmt":"2020-02-17T14:15:55","slug":"manati-bebe-rescatada-en-panama-es-llevada-a-puerto-rico-para-rehabilitacion","status":"publish","type":"post","link":"https:\/\/sertv.gob.pa\/crisolfm\/manati-bebe-rescatada-en-panama-es-llevada-a-puerto-rico-para-rehabilitacion\/","title":{"rendered":"Manat\u00ed beb\u00e9 rescatada en Panam\u00e1 es llevada a Puerto Rico para rehabilitaci\u00f3n"},"content":{"rendered":"<p>Una manat\u00ed beb\u00e9 rescatada en Panam\u00e1 fue trasladada este s\u00e1bado a un centro de conservaci\u00f3n especializado de Puerto Rico, donde permanecer\u00e1 unos 2 a\u00f1os antes de regresar al pa\u00eds centroamericano y ser reinsertada en su h\u00e1bitat natural.<\/p>\n<p>El manat\u00ed est\u00e1 en riesgo de extinci\u00f3n, recalc\u00f3 el titular del Ministerio de Ambiente, Milciades Concepci\u00f3n, al hablar de la importancia del regreso de Moana, como ha sido bautizada este ejemplar hembra, pues puede ayudar \u00aba regenerar la especie\u00bb en el pa\u00eds.<\/p>\n<p><u>Moana tiene unos dos meses de nacida y fue rescatada por las autoridades de Ambiente en la zona de Costa Abajo de Col\u00f3n<\/u>, en el Caribe paname\u00f1o, quienes la trasladaron a un espacio adecuado del Parque Nacional Camino de Cruces donde estuvo tres semanas.<\/p>\n<p>Los manat\u00edes habitan por lo general en zonas costeras y en r\u00edos y sus desembocaduras, y Moana fue hallada sola y alejada de su grupo.<\/p>\n<p>La veterinaria del Ministerio de Ambiente, Lissette Trejos, explic\u00f3 en un comunicado difundido este s\u00e1bado que recibi\u00f3 a Moana con un cuadro de desnutrici\u00f3n, una condici\u00f3n que mejor\u00f3 notablemente en las tres semanas que estuvo bajo su cuidado y el de voluntarios, presentando incluso un crecimiento de 2 cent\u00edmetros.<\/p>\n<p>Trejos viaj\u00f3 junto a dos voluntarias a Puerto Rico y permanecer\u00e1 all\u00ed durante un periodo de transici\u00f3n junto con especialistas puertorrique\u00f1os, para dar tiempo al manat\u00ed para se acople a su nuevo espacio y tratantes, explic\u00f3 el Ministerio de Ambiente paname\u00f1o.<\/p>\n<p><strong>EFE<\/strong><\/p>\n<p>&nbsp;<\/p>\n<p>&nbsp;<\/p>\n","protected":false},"excerpt":{"rendered":"<p>Una manat\u00ed beb\u00e9 rescatada en Panam\u00e1 fue trasladada este s\u00e1bado <a href=\"https:\/\/sertv.gob.pa\/crisolfm\/manati-bebe-rescatada-en-panama-es-llevada-a-puerto-rico-para-rehabilitacion\/\"> [&#8230;]<\/a><\/p>\n","protected":false},"author":64,"featured_media":26673,"comment_status":"closed","ping_status":"closed","sticky":false,"template":"","format":"standard","meta":{"footnotes":""},"categories":[7],"tags":[],"class_list":["post-26672","post","type-post","status-publish","format-standard","has-post-thumbnail","hentry","category-ecologicas"],"_links":{"self":[{"href":"https:\/\/sertv.gob.pa\/crisolfm\/wp-json\/wp\/v2\/posts\/26672","targetHints":{"allow":["GET"]}}],"collection":[{"href":"https:\/\/sertv.gob.pa\/crisolfm\/wp-json\/wp\/v2\/posts"}],"about":[{"href":"https:\/\/sertv.gob.pa\/crisolfm\/wp-json\/wp\/v2\/types\/post"}],"author":[{"embeddable":true,"href":"https:\/\/sertv.gob.pa\/crisolfm\/wp-json\/wp\/v2\/users\/64"}],"replies":[{"embeddable":true,"href":"https:\/\/sertv.gob.pa\/crisolfm\/wp-json\/wp\/v2\/comments?post=26672"}],"version-history":[{"count":1,"href":"https:\/\/sertv.gob.pa\/crisolfm\/wp-json\/wp\/v2\/posts\/26672\/revisions"}],"predecessor-version":[{"id":26674,"href":"https:\/\/sertv.gob.pa\/crisolfm\/wp-json\/wp\/v2\/posts\/26672\/revisions\/26674"}],"wp:featuredmedia":[{"embeddable":true,"href":"https:\/\/sertv.gob.pa\/crisolfm\/wp-json\/wp\/v2\/media\/26673"}],"wp:attachment":[{"href":"https:\/\/sertv.gob.pa\/crisolfm\/wp-json\/wp\/v2\/media?parent=26672"}],"wp:term":[{"taxonomy":"category","embeddable":true,"href":"https:\/\/sertv.gob.pa\/crisolfm\/wp-json\/wp\/v2\/categories?post=26672"},{"taxonomy":"post_tag","embeddable":true,"href":"https:\/\/sertv.gob.pa\/crisolfm\/wp-json\/wp\/v2\/tags?post=26672"}],"curies":[{"name":"wp","href":"https:\/\/api.w.org\/{rel}","templated":true}]}}