{"id":26678,"date":"2020-02-17T14:31:24","date_gmt":"2020-02-17T14:31:24","guid":{"rendered":"https:\/\/sertv.gob.pa\/crisolfm\/?p=26678"},"modified":"2020-02-17T14:31:24","modified_gmt":"2020-02-17T14:31:24","slug":"director-de-la-rae-abrio-en-cuba-gira-por-centroamerica-y-el-caribe","status":"publish","type":"post","link":"https:\/\/sertv.gob.pa\/crisolfm\/director-de-la-rae-abrio-en-cuba-gira-por-centroamerica-y-el-caribe\/","title":{"rendered":"Director de la RAE abri\u00f3 en Cuba gira por Centroam\u00e9rica y el Caribe"},"content":{"rendered":"<p>El director de la Real Academia Espa\u00f1ola (RAE), Santiago Mu\u00f1oz Machado, inici\u00f3 este viernes una gira por Centroam\u00e9rica y el Caribe con primera parada a Cuba, donde recibir\u00e1 el diploma de Miembro Correspondiente de la Academia de la Lengua de la isla.<\/p>\n<p>El escritor y abogado Mu\u00f1oz Machado tiene previsto reunirse con el director de la Academia Cubana de la Lengua (ACL), Rogelio Rodr\u00edguez Coronel, y con el Historiador de la Ciudad de La Habana, Eusebio Leal Spengler, acad\u00e9mico de n\u00famero de esa instituci\u00f3n, informaron medios estatales.<\/p>\n<p>El catedr\u00e1tico de la Universidad Complutense de Madrid y autor de m\u00e1s de 40 libros, entre ellos el diccionario jur\u00eddico panhisp\u00e1nico, recientemente publicado, recorri\u00f3 este domingo el centro hist\u00f3rico de La Habana y participar\u00e1 en varios eventos culturales.<\/p>\n<p>Su visita a la isla coincide con la celebraci\u00f3n de la 29 Feria Internacional del Libro de La Habana, el m\u00e1s importante y masivo evento del libro que se celebra cada a\u00f1o en Cuba.<\/p>\n<p>El tambi\u00e9n presidente de la Asociaci\u00f3n de Academias de la Lengua Espa\u00f1ola (Asale) dialogar\u00e1 con acad\u00e9micos y juristas del pa\u00eds y con la rectora de la Universidad de La Habana, Miriam Nicado, durante su estancia en la capital cubana hasta este lunes, cuando viajar\u00e1 a Panam\u00e1. El director de la RAE continuar\u00e1 un periplo que lo llevar\u00e1 despu\u00e9s a Nicaragua, El Salvador, Guatemala, Honduras y Rep\u00fablica Dominicana.<\/p>\n<p>EFE<\/p>\n","protected":false},"excerpt":{"rendered":"<p>El director de la Real Academia Espa\u00f1ola (RAE), Santiago Mu\u00f1oz <a href=\"https:\/\/sertv.gob.pa\/crisolfm\/director-de-la-rae-abrio-en-cuba-gira-por-centroamerica-y-el-caribe\/\"> [&#8230;]<\/a><\/p>\n","protected":false},"author":64,"featured_media":26679,"comment_status":"closed","ping_status":"closed","sticky":false,"template":"","format":"standard","meta":{"footnotes":""},"categories":[6],"tags":[],"class_list":["post-26678","post","type-post","status-publish","format-standard","has-post-thumbnail","hentry","category-culturales"],"_links":{"self":[{"href":"https:\/\/sertv.gob.pa\/crisolfm\/wp-json\/wp\/v2\/posts\/26678","targetHints":{"allow":["GET"]}}],"collection":[{"href":"https:\/\/sertv.gob.pa\/crisolfm\/wp-json\/wp\/v2\/posts"}],"about":[{"href":"https:\/\/sertv.gob.pa\/crisolfm\/wp-json\/wp\/v2\/types\/post"}],"author":[{"embeddable":true,"href":"https:\/\/sertv.gob.pa\/crisolfm\/wp-json\/wp\/v2\/users\/64"}],"replies":[{"embeddable":true,"href":"https:\/\/sertv.gob.pa\/crisolfm\/wp-json\/wp\/v2\/comments?post=26678"}],"version-history":[{"count":1,"href":"https:\/\/sertv.gob.pa\/crisolfm\/wp-json\/wp\/v2\/posts\/26678\/revisions"}],"predecessor-version":[{"id":26680,"href":"https:\/\/sertv.gob.pa\/crisolfm\/wp-json\/wp\/v2\/posts\/26678\/revisions\/26680"}],"wp:featuredmedia":[{"embeddable":true,"href":"https:\/\/sertv.gob.pa\/crisolfm\/wp-json\/wp\/v2\/media\/26679"}],"wp:attachment":[{"href":"https:\/\/sertv.gob.pa\/crisolfm\/wp-json\/wp\/v2\/media?parent=26678"}],"wp:term":[{"taxonomy":"category","embeddable":true,"href":"https:\/\/sertv.gob.pa\/crisolfm\/wp-json\/wp\/v2\/categories?post=26678"},{"taxonomy":"post_tag","embeddable":true,"href":"https:\/\/sertv.gob.pa\/crisolfm\/wp-json\/wp\/v2\/tags?post=26678"}],"curies":[{"name":"wp","href":"https:\/\/api.w.org\/{rel}","templated":true}]}}