{"id":26681,"date":"2020-02-17T14:44:19","date_gmt":"2020-02-17T14:44:19","guid":{"rendered":"https:\/\/sertv.gob.pa\/crisolfm\/?p=26681"},"modified":"2020-02-17T14:44:19","modified_gmt":"2020-02-17T14:44:19","slug":"celebran-59-anos-de-la-elefanta-trompita-en-zoo-de-guatemala","status":"publish","type":"post","link":"https:\/\/sertv.gob.pa\/crisolfm\/celebran-59-anos-de-la-elefanta-trompita-en-zoo-de-guatemala\/","title":{"rendered":"Celebran 59 a\u00f1os de la elefanta Trompita en zoo de Guatemala"},"content":{"rendered":"<p>Decenas de guatemaltecos celebraron este domingo los 59 a\u00f1os de la elefanta Trompita, la m\u00e1xima atracci\u00f3n del zool\u00f3gico La Aurora de la capital, a quien le obsequiaron un enorme pastel de frutas y verduras, constat\u00f3 un fot\u00f3grafo de la AFP.<\/p>\n<p>La fecha del cumplea\u00f1os es el lunes 17 de febrero, pero las autoridades del zoo siempre eligen celebrar el aniversario un domingo debido a la masiva afluencia de visitantes, en su mayor\u00eda ni\u00f1os, coment\u00f3 a periodistas la gerente de mercadeo de este parque y organizadora de los festejos, Ana Luc\u00eda V\u00e1squez.<\/p>\n<p>El pastel, de unos 135 kg, estaba compuesto por bananos, manzanas, elotes de ma\u00edz, mel\u00f3n, sand\u00edas, man\u00ed y zanahoria, entre otras frutas tropicales, dijo V\u00e1squez.<\/p>\n<p>Trompita, una elefanta asi\u00e1tica (Elephas maximus), fue rescatada de un circo en 2008 y se convirti\u00f3 en el \u00edcono del parque tras la muerte ese a\u00f1o de otra hembra de su misma especie, llamada Mocosita, que fue el emblema del zoo desde 1955.<\/p>\n<p>La elefanta, que naci\u00f3 y creci\u00f3 en cautiverio, form\u00f3 parte de los espect\u00e1culos de los circos de los hermanos L\u00f3pez, pero antes de ser rescatada por el parque estuvo varios a\u00f1os en la reserva privada del parque acu\u00e1tico Guateque, en el sur del pa\u00eds.<\/p>\n<p>Seg\u00fan un estudio, los elefantes asi\u00e1ticos viven en promedio unos 48 a\u00f1os.<\/p>\n<p>El zool\u00f3gico La Aurora, asentado en una finca de propiedad p\u00fablica y administrado por una asociaci\u00f3n no gubernamental, fue construido en diciembre de 1924 y mantiene en exhibici\u00f3n m\u00e1s de 1.600 animales de 235 especies, adem\u00e1s de albergar flora nativa y monumentos hist\u00f3ricos en un espacio de unas 15 hect\u00e1reas.<\/p>\n<p>AFP<\/p>\n","protected":false},"excerpt":{"rendered":"<p>Decenas de guatemaltecos celebraron este domingo los 59 a\u00f1os de <a href=\"https:\/\/sertv.gob.pa\/crisolfm\/celebran-59-anos-de-la-elefanta-trompita-en-zoo-de-guatemala\/\"> [&#8230;]<\/a><\/p>\n","protected":false},"author":64,"featured_media":26682,"comment_status":"closed","ping_status":"closed","sticky":false,"template":"","format":"standard","meta":{"footnotes":""},"categories":[7],"tags":[],"class_list":["post-26681","post","type-post","status-publish","format-standard","has-post-thumbnail","hentry","category-ecologicas"],"_links":{"self":[{"href":"https:\/\/sertv.gob.pa\/crisolfm\/wp-json\/wp\/v2\/posts\/26681","targetHints":{"allow":["GET"]}}],"collection":[{"href":"https:\/\/sertv.gob.pa\/crisolfm\/wp-json\/wp\/v2\/posts"}],"about":[{"href":"https:\/\/sertv.gob.pa\/crisolfm\/wp-json\/wp\/v2\/types\/post"}],"author":[{"embeddable":true,"href":"https:\/\/sertv.gob.pa\/crisolfm\/wp-json\/wp\/v2\/users\/64"}],"replies":[{"embeddable":true,"href":"https:\/\/sertv.gob.pa\/crisolfm\/wp-json\/wp\/v2\/comments?post=26681"}],"version-history":[{"count":1,"href":"https:\/\/sertv.gob.pa\/crisolfm\/wp-json\/wp\/v2\/posts\/26681\/revisions"}],"predecessor-version":[{"id":26683,"href":"https:\/\/sertv.gob.pa\/crisolfm\/wp-json\/wp\/v2\/posts\/26681\/revisions\/26683"}],"wp:featuredmedia":[{"embeddable":true,"href":"https:\/\/sertv.gob.pa\/crisolfm\/wp-json\/wp\/v2\/media\/26682"}],"wp:attachment":[{"href":"https:\/\/sertv.gob.pa\/crisolfm\/wp-json\/wp\/v2\/media?parent=26681"}],"wp:term":[{"taxonomy":"category","embeddable":true,"href":"https:\/\/sertv.gob.pa\/crisolfm\/wp-json\/wp\/v2\/categories?post=26681"},{"taxonomy":"post_tag","embeddable":true,"href":"https:\/\/sertv.gob.pa\/crisolfm\/wp-json\/wp\/v2\/tags?post=26681"}],"curies":[{"name":"wp","href":"https:\/\/api.w.org\/{rel}","templated":true}]}}