{"id":26703,"date":"2020-02-18T13:31:17","date_gmt":"2020-02-18T13:31:17","guid":{"rendered":"https:\/\/sertv.gob.pa\/crisolfm\/?p=26703"},"modified":"2020-02-18T15:33:21","modified_gmt":"2020-02-18T15:33:21","slug":"miambiente-no-ha-recibido-estudio-de-impacto-ambiental-del-proyecto-de-recuperacion-de-playa","status":"publish","type":"post","link":"https:\/\/sertv.gob.pa\/crisolfm\/miambiente-no-ha-recibido-estudio-de-impacto-ambiental-del-proyecto-de-recuperacion-de-playa\/","title":{"rendered":"MiAmbiente no ha recibido estudio de impacto ambiental del proyecto de recuperaci\u00f3n de playa"},"content":{"rendered":"<p><a href=\"https:\/\/www.prensa.com\/tema\/ministerio-de-ambiente\/\" target=\"_blank\" rel=\"noopener\">El Ministerio de Ambiente (MiAmbiente)<\/a> anunci\u00f3 este lunes 17 de febrero que hasta la fecha no ha recibido un estudio de impacto ambiental (EIA) relacionado con el proyecto de recuperaci\u00f3n de playa en la avenida Balboa, iniciativa que adelanta el alcalde de Panam\u00e1 <a href=\"https:\/\/www.prensa.com\/tema\/jos-luis-f-brega\/\" target=\"_blank\" rel=\"noopener\">Jos\u00e9 Luis F\u00e1brega<\/a>.<\/p>\n<h3>En un comunicado, enviado a los distintos medios de comunicaci\u00f3n social, las autoridades de MiAmbiente advirtieron que todos los proyectos que impacten los recursos naturales deben contar con un EIA.<\/h3>\n<p>Ese EIA debe confeccionarlo el promotor y posteriormente someterlo a un proceso de evaluaci\u00f3n para su aprobaci\u00f3n o rechazo. En ese sentido, reiter\u00f3 la entidad que no han recibido ning\u00fan EIA sobre esta obra valorada en aproximadamente 120 millones de d\u00f3lares.<\/p>\n<p>La consulta donde los ciudadanos avalar\u00e1n o no el proyecto de recuperaci\u00f3n ya no ser\u00e1 el 11 de marzo, a las 5:00 p.m., como inicialmente se hab\u00eda previsto. El pasado 10 de febrero se anunci\u00f3 que ahora se realizar\u00e1 el 12 de marzo, en el Centro de Convenciones Vasco N\u00fa\u00f1ez de Balboa, del hotel El Panam\u00e1, a las 5:00 p.m.<\/p>\n<p>&nbsp;<\/p>\n","protected":false},"excerpt":{"rendered":"<p>El Ministerio de Ambiente (MiAmbiente) anunci\u00f3 este lunes 17 de <a href=\"https:\/\/sertv.gob.pa\/crisolfm\/miambiente-no-ha-recibido-estudio-de-impacto-ambiental-del-proyecto-de-recuperacion-de-playa\/\"> [&#8230;]<\/a><\/p>\n","protected":false},"author":64,"featured_media":26704,"comment_status":"closed","ping_status":"closed","sticky":false,"template":"","format":"standard","meta":{"footnotes":""},"categories":[7],"tags":[],"class_list":["post-26703","post","type-post","status-publish","format-standard","has-post-thumbnail","hentry","category-ecologicas"],"_links":{"self":[{"href":"https:\/\/sertv.gob.pa\/crisolfm\/wp-json\/wp\/v2\/posts\/26703","targetHints":{"allow":["GET"]}}],"collection":[{"href":"https:\/\/sertv.gob.pa\/crisolfm\/wp-json\/wp\/v2\/posts"}],"about":[{"href":"https:\/\/sertv.gob.pa\/crisolfm\/wp-json\/wp\/v2\/types\/post"}],"author":[{"embeddable":true,"href":"https:\/\/sertv.gob.pa\/crisolfm\/wp-json\/wp\/v2\/users\/64"}],"replies":[{"embeddable":true,"href":"https:\/\/sertv.gob.pa\/crisolfm\/wp-json\/wp\/v2\/comments?post=26703"}],"version-history":[{"count":2,"href":"https:\/\/sertv.gob.pa\/crisolfm\/wp-json\/wp\/v2\/posts\/26703\/revisions"}],"predecessor-version":[{"id":26746,"href":"https:\/\/sertv.gob.pa\/crisolfm\/wp-json\/wp\/v2\/posts\/26703\/revisions\/26746"}],"wp:featuredmedia":[{"embeddable":true,"href":"https:\/\/sertv.gob.pa\/crisolfm\/wp-json\/wp\/v2\/media\/26704"}],"wp:attachment":[{"href":"https:\/\/sertv.gob.pa\/crisolfm\/wp-json\/wp\/v2\/media?parent=26703"}],"wp:term":[{"taxonomy":"category","embeddable":true,"href":"https:\/\/sertv.gob.pa\/crisolfm\/wp-json\/wp\/v2\/categories?post=26703"},{"taxonomy":"post_tag","embeddable":true,"href":"https:\/\/sertv.gob.pa\/crisolfm\/wp-json\/wp\/v2\/tags?post=26703"}],"curies":[{"name":"wp","href":"https:\/\/api.w.org\/{rel}","templated":true}]}}