{"id":26707,"date":"2020-02-18T13:35:31","date_gmt":"2020-02-18T13:35:31","guid":{"rendered":"https:\/\/sertv.gob.pa\/crisolfm\/?p=26707"},"modified":"2020-02-18T13:35:31","modified_gmt":"2020-02-18T13:35:31","slug":"senacyt-lanza-proyecto-para-monitorear-la-contaminacion-del-aire","status":"publish","type":"post","link":"https:\/\/sertv.gob.pa\/crisolfm\/senacyt-lanza-proyecto-para-monitorear-la-contaminacion-del-aire\/","title":{"rendered":"SENACYT lanza proyecto para monitorear la contaminaci\u00f3n del aire"},"content":{"rendered":"<p>En el Centro Regional de la Universidad Tecnol\u00f3gica de Panam\u00e1 (UTP), en Azuero, se lanz\u00f3 el proyecto \u201cRed de monitoreo basada en Internet de las Cosas (IoT) para la generaci\u00f3n de indicadores de contaminaci\u00f3n de aire en Panam\u00e1\u201d.<\/p>\n<p>El investigador principal del proyecto Edwin Collado explic\u00f3 que la contaminaci\u00f3n en Panam\u00e1 ha aumentado a medida que la poblaci\u00f3n ha ido creciendo debido al desarrollo econ\u00f3mico, tur\u00edstico e industrial.<\/p>\n<p>\u201cEn los \u00faltimos 10 a\u00f1os se han incrementado los casos y muertes reportadas por enfermedades que pueden estar relacionadas con la contaminaci\u00f3n del aire, como el c\u00e1ncer, infecciones agudas respiratorias y enfermedades cr\u00f3nicas de las v\u00edas respiratorias inferiores\u201d, se\u00f1al\u00f3.<\/p>\n<p>Urbano Ala\u00edn, ingeniero director de la UTP en Azuero, mencion\u00f3 que la contaminaci\u00f3n del aire por la quema de basura en vertederos, la quema de la ca\u00f1a en los ingenios y de residuos industriales, y el uso de veh\u00edculos no regulados, puede afectar la salud.<\/p>\n<p>\u201cCuando la gente ve humo, piensa en contaminaci\u00f3n, pero lo que no se ve suele ser peor. Mientras m\u00e1s peque\u00f1as son las part\u00edculas, peor es su efecto sobre el organismo, atraviesan el sistema respiratorio y llegan a los alv\u00e9olos causando enfermedades\u201d, expres\u00f3 el Dr. Orlando Aguilar, director de investigaci\u00f3n de la vicerrector\u00eda de investigaci\u00f3n, posgrado y extensi\u00f3n de la UTP.<\/p>\n<p>El proyecto que lidera propone dise\u00f1ar, implementar y validar un sistema de monitoreo remoto basado en redes de Internet de las Cosas (IoT) para medir, en tiempo real, los niveles de ozono, part\u00edculas suspendidas en el aire, niveles de \u00f3xido de nitr\u00f3geno (NOx), \u00f3xidos de azufre (SOx), mon\u00f3xido de carbono (CO), di\u00f3xido de carbono (CO2) e hidrocarburos no quemados (HC), para determinar los niveles de contaminaci\u00f3n de aire actuales en el pa\u00eds. Tambi\u00e9n se obtendr\u00e1n datos sobre temperatura, lluvia y humedad relativa.<\/p>\n<p>Esta informaci\u00f3n servir\u00e1 como evidencia cient\u00edfica para que los tomadores de decisiones puedan desarrollar mecanismos de control, a trav\u00e9s de leyes o normas, para prevenir efectos adversos a la salud de la poblaci\u00f3n.<\/p>\n<p>Seg\u00fan la Organizaci\u00f3n Mundial de la Salud, cuantos m\u00e1s bajos sean los niveles de contaminaci\u00f3n del aire, mejor ser\u00e1 la salud cardiovascular y respiratoria de la poblaci\u00f3n, a largo y corto plazo.<\/p>\n<p>&nbsp;<\/p>\n","protected":false},"excerpt":{"rendered":"<p>En el Centro Regional de la Universidad Tecnol\u00f3gica de Panam\u00e1 <a href=\"https:\/\/sertv.gob.pa\/crisolfm\/senacyt-lanza-proyecto-para-monitorear-la-contaminacion-del-aire\/\"> [&#8230;]<\/a><\/p>\n","protected":false},"author":64,"featured_media":26708,"comment_status":"closed","ping_status":"closed","sticky":false,"template":"","format":"standard","meta":{"footnotes":""},"categories":[7],"tags":[],"class_list":["post-26707","post","type-post","status-publish","format-standard","has-post-thumbnail","hentry","category-ecologicas"],"_links":{"self":[{"href":"https:\/\/sertv.gob.pa\/crisolfm\/wp-json\/wp\/v2\/posts\/26707","targetHints":{"allow":["GET"]}}],"collection":[{"href":"https:\/\/sertv.gob.pa\/crisolfm\/wp-json\/wp\/v2\/posts"}],"about":[{"href":"https:\/\/sertv.gob.pa\/crisolfm\/wp-json\/wp\/v2\/types\/post"}],"author":[{"embeddable":true,"href":"https:\/\/sertv.gob.pa\/crisolfm\/wp-json\/wp\/v2\/users\/64"}],"replies":[{"embeddable":true,"href":"https:\/\/sertv.gob.pa\/crisolfm\/wp-json\/wp\/v2\/comments?post=26707"}],"version-history":[{"count":1,"href":"https:\/\/sertv.gob.pa\/crisolfm\/wp-json\/wp\/v2\/posts\/26707\/revisions"}],"predecessor-version":[{"id":26709,"href":"https:\/\/sertv.gob.pa\/crisolfm\/wp-json\/wp\/v2\/posts\/26707\/revisions\/26709"}],"wp:featuredmedia":[{"embeddable":true,"href":"https:\/\/sertv.gob.pa\/crisolfm\/wp-json\/wp\/v2\/media\/26708"}],"wp:attachment":[{"href":"https:\/\/sertv.gob.pa\/crisolfm\/wp-json\/wp\/v2\/media?parent=26707"}],"wp:term":[{"taxonomy":"category","embeddable":true,"href":"https:\/\/sertv.gob.pa\/crisolfm\/wp-json\/wp\/v2\/categories?post=26707"},{"taxonomy":"post_tag","embeddable":true,"href":"https:\/\/sertv.gob.pa\/crisolfm\/wp-json\/wp\/v2\/tags?post=26707"}],"curies":[{"name":"wp","href":"https:\/\/api.w.org\/{rel}","templated":true}]}}