{"id":26716,"date":"2020-02-18T13:59:55","date_gmt":"2020-02-18T13:59:55","guid":{"rendered":"https:\/\/sertv.gob.pa\/crisolfm\/?p=26716"},"modified":"2020-02-18T13:59:55","modified_gmt":"2020-02-18T13:59:55","slug":"el-continente-americano-al-honor-en-festival-de-novela-negra-en-francia","status":"publish","type":"post","link":"https:\/\/sertv.gob.pa\/crisolfm\/el-continente-americano-al-honor-en-festival-de-novela-negra-en-francia\/","title":{"rendered":"El continente americano al honor en festival de novela negra en Francia"},"content":{"rendered":"<p>El cubano Leonardo Padura ser\u00e1 uno de los invitados estrella de la 16\u00ba edici\u00f3n del festival de literatura polic\u00edaca, Quais du polar, que se celebrar\u00e1 en la ciudad francesa de Lyon del 3 al 5 de abril y en el que el continente americano estar\u00e1 al honor.<\/p>\n<p>La ambici\u00f3n de este festival literario es hacer descubrir \u00abun continente americano que conocemos poco con una secci\u00f3n entera de novela policial en la que se descubre una cr\u00edtica social bastante fuerte\u00bb, dijo a la AFP el presidente del festival, Fran\u00e7ois Pirola.<\/p>\n<p>De los aproximadamente 120 autores invitados de todo el mundo, cerca de treinta vendr\u00e1n del continente americano, incluyendo el cubano Leonardo Padura, el estadounidense John Grisham y el canadiense Joseph Boyden.<\/p>\n<p>Junto a ellos estar\u00e1n algunos de los grandes nombres de la novela negra franc\u00f3fona como Michel Bussi, Gilles Legardinier, Bernard Minier, Franck Thilliez y el suizo Joseph Incardona.<\/p>\n<p>Corea del Sur ser\u00e1 objeto de un enfoque con tres autores invitados y un programa de pel\u00edculas basado en tres novelas negras coreanas, un g\u00e9nero particularmente prol\u00edfico.<\/p>\n<p>En 2019, este festival gratuito recibi\u00f3 100.000 visitantes.<\/p>\n<p>AFP<\/p>\n","protected":false},"excerpt":{"rendered":"<p>El cubano Leonardo Padura ser\u00e1 uno de los invitados estrella <a href=\"https:\/\/sertv.gob.pa\/crisolfm\/el-continente-americano-al-honor-en-festival-de-novela-negra-en-francia\/\"> [&#8230;]<\/a><\/p>\n","protected":false},"author":64,"featured_media":26717,"comment_status":"closed","ping_status":"closed","sticky":false,"template":"","format":"standard","meta":{"footnotes":""},"categories":[6],"tags":[],"class_list":["post-26716","post","type-post","status-publish","format-standard","has-post-thumbnail","hentry","category-culturales"],"_links":{"self":[{"href":"https:\/\/sertv.gob.pa\/crisolfm\/wp-json\/wp\/v2\/posts\/26716","targetHints":{"allow":["GET"]}}],"collection":[{"href":"https:\/\/sertv.gob.pa\/crisolfm\/wp-json\/wp\/v2\/posts"}],"about":[{"href":"https:\/\/sertv.gob.pa\/crisolfm\/wp-json\/wp\/v2\/types\/post"}],"author":[{"embeddable":true,"href":"https:\/\/sertv.gob.pa\/crisolfm\/wp-json\/wp\/v2\/users\/64"}],"replies":[{"embeddable":true,"href":"https:\/\/sertv.gob.pa\/crisolfm\/wp-json\/wp\/v2\/comments?post=26716"}],"version-history":[{"count":1,"href":"https:\/\/sertv.gob.pa\/crisolfm\/wp-json\/wp\/v2\/posts\/26716\/revisions"}],"predecessor-version":[{"id":26718,"href":"https:\/\/sertv.gob.pa\/crisolfm\/wp-json\/wp\/v2\/posts\/26716\/revisions\/26718"}],"wp:featuredmedia":[{"embeddable":true,"href":"https:\/\/sertv.gob.pa\/crisolfm\/wp-json\/wp\/v2\/media\/26717"}],"wp:attachment":[{"href":"https:\/\/sertv.gob.pa\/crisolfm\/wp-json\/wp\/v2\/media?parent=26716"}],"wp:term":[{"taxonomy":"category","embeddable":true,"href":"https:\/\/sertv.gob.pa\/crisolfm\/wp-json\/wp\/v2\/categories?post=26716"},{"taxonomy":"post_tag","embeddable":true,"href":"https:\/\/sertv.gob.pa\/crisolfm\/wp-json\/wp\/v2\/tags?post=26716"}],"curies":[{"name":"wp","href":"https:\/\/api.w.org\/{rel}","templated":true}]}}