{"id":26735,"date":"2020-02-18T14:54:26","date_gmt":"2020-02-18T14:54:26","guid":{"rendered":"https:\/\/sertv.gob.pa\/crisolfm\/?p=26735"},"modified":"2020-02-18T14:54:26","modified_gmt":"2020-02-18T14:54:26","slug":"excepcional-descubrimiento-en-el-foro-romano-aparece-un-sarcofago-y-un-altar-asociados-al-culto-de-romulo","status":"publish","type":"post","link":"https:\/\/sertv.gob.pa\/crisolfm\/excepcional-descubrimiento-en-el-foro-romano-aparece-un-sarcofago-y-un-altar-asociados-al-culto-de-romulo\/","title":{"rendered":"Excepcional descubrimiento en el Foro Romano: aparece un sarc\u00f3fago y un altar asociados al culto de R\u00f3mulo"},"content":{"rendered":"<p>Arque\u00f3logos en el <strong>Foro Romano<\/strong> han hecho un nuevo e importante descubrimiento: en una c\u00e1mara subterr\u00e1nea han encontrado un antiguo <strong>sarc\u00f3fago de piedra caliza asociado a un altar<\/strong>, dedicados al culto de <strong>R\u00f3mulo<\/strong>, el fundador de Roma seg\u00fan la leyenda. El sarc\u00f3fago mide 140 cent\u00edmetros de largo y data del siglo VI a.C.<\/p>\n<p>Al lado hay una estructura circular de piedra que los arque\u00f3logos creen que se trata de un altar. El sarc\u00f3fago fue descubierto en la zona del \u00ab<strong>Comitium<\/strong>\u00ab (Comicio, la tribuna de oradores), un espacio p\u00fablico de reuni\u00f3n a cielo abierto en la Antigua Roma. Los arque\u00f3logos han calificado el descubrimiento de \u00abexcepcional\u00bb. El anuncio ha sido hecho por la directora del Parque Arqueol\u00f3gico del Coliseo, <strong>Alfonsina Russo<\/strong>.<\/p>\n<p>El descubrimiento es la culminaci\u00f3n de las excavaciones iniciadas hace un a\u00f1o en el Foro Romano, el coraz\u00f3n del Imperio, con abundancia de templos y palacios. En febrero del 2019 se hizo p\u00fablico que los arque\u00f3logos buscaban un sarc\u00f3fago de piedra con m\u00e1s de 2.500 a\u00f1os de antig\u00fcedad, vinculado con la leyenda de R\u00f3mulo.<\/p>\n<p>ABC Cultura<\/p>\n","protected":false},"excerpt":{"rendered":"<p>Arque\u00f3logos en el Foro Romano han hecho un nuevo e <a href=\"https:\/\/sertv.gob.pa\/crisolfm\/excepcional-descubrimiento-en-el-foro-romano-aparece-un-sarcofago-y-un-altar-asociados-al-culto-de-romulo\/\"> [&#8230;]<\/a><\/p>\n","protected":false},"author":64,"featured_media":26736,"comment_status":"closed","ping_status":"closed","sticky":false,"template":"","format":"standard","meta":{"footnotes":""},"categories":[6],"tags":[],"class_list":["post-26735","post","type-post","status-publish","format-standard","has-post-thumbnail","hentry","category-culturales"],"_links":{"self":[{"href":"https:\/\/sertv.gob.pa\/crisolfm\/wp-json\/wp\/v2\/posts\/26735","targetHints":{"allow":["GET"]}}],"collection":[{"href":"https:\/\/sertv.gob.pa\/crisolfm\/wp-json\/wp\/v2\/posts"}],"about":[{"href":"https:\/\/sertv.gob.pa\/crisolfm\/wp-json\/wp\/v2\/types\/post"}],"author":[{"embeddable":true,"href":"https:\/\/sertv.gob.pa\/crisolfm\/wp-json\/wp\/v2\/users\/64"}],"replies":[{"embeddable":true,"href":"https:\/\/sertv.gob.pa\/crisolfm\/wp-json\/wp\/v2\/comments?post=26735"}],"version-history":[{"count":1,"href":"https:\/\/sertv.gob.pa\/crisolfm\/wp-json\/wp\/v2\/posts\/26735\/revisions"}],"predecessor-version":[{"id":26737,"href":"https:\/\/sertv.gob.pa\/crisolfm\/wp-json\/wp\/v2\/posts\/26735\/revisions\/26737"}],"wp:featuredmedia":[{"embeddable":true,"href":"https:\/\/sertv.gob.pa\/crisolfm\/wp-json\/wp\/v2\/media\/26736"}],"wp:attachment":[{"href":"https:\/\/sertv.gob.pa\/crisolfm\/wp-json\/wp\/v2\/media?parent=26735"}],"wp:term":[{"taxonomy":"category","embeddable":true,"href":"https:\/\/sertv.gob.pa\/crisolfm\/wp-json\/wp\/v2\/categories?post=26735"},{"taxonomy":"post_tag","embeddable":true,"href":"https:\/\/sertv.gob.pa\/crisolfm\/wp-json\/wp\/v2\/tags?post=26735"}],"curies":[{"name":"wp","href":"https:\/\/api.w.org\/{rel}","templated":true}]}}