{"id":26739,"date":"2020-02-18T15:01:33","date_gmt":"2020-02-18T15:01:33","guid":{"rendered":"https:\/\/sertv.gob.pa\/crisolfm\/?p=26739"},"modified":"2020-02-18T15:01:33","modified_gmt":"2020-02-18T15:01:33","slug":"asi-es-el-boceto-perdido-que-rubens-pinto-para-el-monasterio-de-las-descalzas-reales-en-madrid","status":"publish","type":"post","link":"https:\/\/sertv.gob.pa\/crisolfm\/asi-es-el-boceto-perdido-que-rubens-pinto-para-el-monasterio-de-las-descalzas-reales-en-madrid\/","title":{"rendered":"As\u00ed es el boceto perdido que Rubens pint\u00f3 para el Monasterio de las Descalzas Reales en Madrid"},"content":{"rendered":"<p>La galer\u00eda de arte Hoogsteder &amp; Hoogsteder, junto al Museo Boijmans van Beuningen de Rotterdam, ha presentado este martes 18 de febrero un <strong>nuevo boceto al \u00f3leo<\/strong> de <a href=\"https:\/\/www.abc.es\/cultura\/arte\/abci-delicias-jardin-prado-202002142013_noticia.html\" target=\"_blank\" rel=\"noopener\">Peter Paul Rubens<\/a>, \u00abLa Jerarqu\u00eda Secular en Adoraci\u00f3n\u00bb, que el artista pint\u00f3 para los <strong>tapices del Monasterio de las Descalzas Reales en Madrid.<\/strong><\/p>\n<p>La archiduquesa <a href=\"https:\/\/www.abc.es\/historia\/abci-espanoles-retratados-errores-ocultan-cuadros-cervantes-cortes-o-agustina-aragon-202002180008_noticia.html\" target=\"_blank\" rel=\"noopener\">Isabel Clara Eugenia<\/a> encarg\u00f3, entre 1625 y 1626, a su pintor de corte Pedro Pablo Rubens los modelos para \u00abEl triunfo de la eucarist\u00eda\u00bb, una serie de <strong>tapices<\/strong> destinada a decorar la iglesia del <strong>Monasterio de las Descalzas Reales<\/strong> durante las principales celebraciones de<strong> car\u00e1cter eucar\u00edstico<\/strong>, en especial la Octava del Corpus y los Oficios del Viernes Santo, con la celebraci\u00f3n de la singular procesi\u00f3n del Cristo Yacente.<\/p>\n<p>Los veinte tapices que componen la serie muestran escenas relacionadas con el <strong>Sacramento de la Eucarist\u00eda<\/strong>, tem\u00e1tica plenamente contrarreformista, conformando un programa iconogr\u00e1fico propio del <strong>arte barroco<\/strong>.<\/p>\n<p>Hasta el momento,<strong> se conoc\u00edan diecisiete bocetos<\/strong> para estos tapices, por lo que \u00abLa jerarqu\u00eda\u00bb se convertir\u00eda en el decimoctavo. El boceto muestra al <a href=\"https:\/\/www.abc.es\/historia\/abci-obstaculo-historico-alemania-no-convirtio-estado-hasta-siglos-despues-espana-202002100214_noticia.html\" target=\"_blank\" rel=\"noopener\">emperador Fernando II<\/a> (1578-1637) junto a su sobrino el rey Felipe IV y su consorte, la reina Isabel de Borb\u00f3n de Francia (1603- 1644).<\/p>\n<p>La galer\u00eda de arte Hoogsteder &amp; Hoogsteder recibi\u00f3 hace m\u00e1s de un a\u00f1o el aviso de la <strong>existencia de este boceto<\/strong> a trav\u00e9s de un correo electr\u00f3nico. La experta Emilie den Tonkelaar, quien dirigi\u00f3 la investigaci\u00f3n para la galer\u00eda, encontr\u00f3 varias pruebas de la autenticidad de la <strong>firma de Rubens<\/strong>.<\/p>\n<p>ABC Cultura<\/p>\n","protected":false},"excerpt":{"rendered":"<p>La galer\u00eda de arte Hoogsteder &amp; Hoogsteder, junto al Museo <a href=\"https:\/\/sertv.gob.pa\/crisolfm\/asi-es-el-boceto-perdido-que-rubens-pinto-para-el-monasterio-de-las-descalzas-reales-en-madrid\/\"> [&#8230;]<\/a><\/p>\n","protected":false},"author":64,"featured_media":26740,"comment_status":"closed","ping_status":"closed","sticky":false,"template":"","format":"standard","meta":{"footnotes":""},"categories":[6],"tags":[],"class_list":["post-26739","post","type-post","status-publish","format-standard","has-post-thumbnail","hentry","category-culturales"],"_links":{"self":[{"href":"https:\/\/sertv.gob.pa\/crisolfm\/wp-json\/wp\/v2\/posts\/26739","targetHints":{"allow":["GET"]}}],"collection":[{"href":"https:\/\/sertv.gob.pa\/crisolfm\/wp-json\/wp\/v2\/posts"}],"about":[{"href":"https:\/\/sertv.gob.pa\/crisolfm\/wp-json\/wp\/v2\/types\/post"}],"author":[{"embeddable":true,"href":"https:\/\/sertv.gob.pa\/crisolfm\/wp-json\/wp\/v2\/users\/64"}],"replies":[{"embeddable":true,"href":"https:\/\/sertv.gob.pa\/crisolfm\/wp-json\/wp\/v2\/comments?post=26739"}],"version-history":[{"count":1,"href":"https:\/\/sertv.gob.pa\/crisolfm\/wp-json\/wp\/v2\/posts\/26739\/revisions"}],"predecessor-version":[{"id":26741,"href":"https:\/\/sertv.gob.pa\/crisolfm\/wp-json\/wp\/v2\/posts\/26739\/revisions\/26741"}],"wp:featuredmedia":[{"embeddable":true,"href":"https:\/\/sertv.gob.pa\/crisolfm\/wp-json\/wp\/v2\/media\/26740"}],"wp:attachment":[{"href":"https:\/\/sertv.gob.pa\/crisolfm\/wp-json\/wp\/v2\/media?parent=26739"}],"wp:term":[{"taxonomy":"category","embeddable":true,"href":"https:\/\/sertv.gob.pa\/crisolfm\/wp-json\/wp\/v2\/categories?post=26739"},{"taxonomy":"post_tag","embeddable":true,"href":"https:\/\/sertv.gob.pa\/crisolfm\/wp-json\/wp\/v2\/tags?post=26739"}],"curies":[{"name":"wp","href":"https:\/\/api.w.org\/{rel}","templated":true}]}}