{"id":26743,"date":"2020-02-18T15:14:40","date_gmt":"2020-02-18T15:14:40","guid":{"rendered":"https:\/\/sertv.gob.pa\/crisolfm\/?p=26743"},"modified":"2020-02-18T15:14:40","modified_gmt":"2020-02-18T15:14:40","slug":"excepcionales-tapices-disenados-por-rafael-hace-cinco-siglos-que-regresan-a-la-capilla-sixtina","status":"publish","type":"post","link":"https:\/\/sertv.gob.pa\/crisolfm\/excepcionales-tapices-disenados-por-rafael-hace-cinco-siglos-que-regresan-a-la-capilla-sixtina\/","title":{"rendered":"Excepcionales tapices dise\u00f1ados por Rafael hace cinco siglos que regresan a la Capilla Sixtina"},"content":{"rendered":"<p>La <strong>Capilla Sixtina<\/strong> se ha \u00abvestido de largo\u00bb con el regreso de los <strong>diez tapices <\/strong>dise\u00f1ados por<strong> Rafael<\/strong> para todo el per\u00edmetro inferior, justo debajo de los frescos laterales realizados por Botticelli, Perugino, Ghirlandaio y otros grandes artistas. Es un homenaje a <strong>Rafael Sanzio <\/strong>(Urbino 1483 \u2013 Roma 1520) en el quinto centenario de su fallecimiento.<\/p>\n<p>La capilla de referencia en la pintura mundial fue iniciada por <strong>Sixto IV<\/strong> (1471-1484), de quien lleva el nombre, y que logr\u00f3 enriquecerla con los extraordinarios frescos de Botticelli, Ghirlandaio y Perugino sobre la vida de Mois\u00e9s y la de Jes\u00fas.<\/p>\n<p>Una veintena de a\u00f1os despu\u00e9s la Capilla Sixtina fue realzada extraordinariamente con los <strong>frescos de Miguel \u00c1ngel <\/strong>durante el pontificado de Julio II (1503-1513). Era un lugar muy importante pues en aquella \u00e9poca, las grandes ceremonias papales no se celebraban en la bas\u00edlica de San Pedro sino precisamente all\u00ed.<\/p>\n<p>Tras el fallecimiento de Julio II, los cardenales eligieron papa a <strong>Juan de Medici<\/strong>, hijo de Lorenzo el Magn\u00edfico y gran amante de las artes, quien tom\u00f3 el nombre de Le\u00f3n X (1513-1521).<\/p>\n<p>El nuevo papa florentino se sent\u00eda tambi\u00e9n mecenas, y llam\u00f3 a Rafael para que dise\u00f1ara diez grandes tapices que completasen la Capilla Sixtina con escenas de la vida de <strong>san Pedro y san Pablo<\/strong>. Pero, sobre todo, que rivalizasen con la obra maestra de Miguel \u00c1ngel y de sus predecesores.<\/p>\n<p>El pintor \u00abdivino\u00bb realiz\u00f3, a lo largo de 1515 y 1516, los cartones que posteriormente fueron enviados a Flandes. All\u00ed se convirtieron en tapices en el taller de <strong>Pieter van Aelst <\/strong>entre 1519 y 1521. Precedidos por la fama de quien los hab\u00eda visto en Bruselas, siete de ellos llegaron a la Capilla Sixtina antes del prematuro fallecimiento de Rafael el 6 de abril de 1520 a los 37 a\u00f1os. Los cartones se conservan en el<strong> Albert Museum de Londres<\/strong>.<\/p>\n<p>Los diez <strong>\u00abtapices riqu\u00edsimos de oro y de seda\u00bb <\/strong>-como los describ\u00eda en el siglo XVI el gran historiador del arte <strong>Giorgio Vasari<\/strong>&#8211; estar\u00e1n a disposici\u00f3n de los visitantes en su lugar original solo durante esta semana, debido a los riesgos de exhibirlos a nivel del pavimento en un lugar que acoge a m\u00e1s de veinticinco mil turistas cada d\u00eda.<\/p>\n<p>ABC Cultura<\/p>\n","protected":false},"excerpt":{"rendered":"<p>La Capilla Sixtina se ha \u00abvestido de largo\u00bb con el <a href=\"https:\/\/sertv.gob.pa\/crisolfm\/excepcionales-tapices-disenados-por-rafael-hace-cinco-siglos-que-regresan-a-la-capilla-sixtina\/\"> [&#8230;]<\/a><\/p>\n","protected":false},"author":64,"featured_media":26744,"comment_status":"closed","ping_status":"closed","sticky":false,"template":"","format":"standard","meta":{"footnotes":""},"categories":[6],"tags":[],"class_list":["post-26743","post","type-post","status-publish","format-standard","has-post-thumbnail","hentry","category-culturales"],"_links":{"self":[{"href":"https:\/\/sertv.gob.pa\/crisolfm\/wp-json\/wp\/v2\/posts\/26743","targetHints":{"allow":["GET"]}}],"collection":[{"href":"https:\/\/sertv.gob.pa\/crisolfm\/wp-json\/wp\/v2\/posts"}],"about":[{"href":"https:\/\/sertv.gob.pa\/crisolfm\/wp-json\/wp\/v2\/types\/post"}],"author":[{"embeddable":true,"href":"https:\/\/sertv.gob.pa\/crisolfm\/wp-json\/wp\/v2\/users\/64"}],"replies":[{"embeddable":true,"href":"https:\/\/sertv.gob.pa\/crisolfm\/wp-json\/wp\/v2\/comments?post=26743"}],"version-history":[{"count":1,"href":"https:\/\/sertv.gob.pa\/crisolfm\/wp-json\/wp\/v2\/posts\/26743\/revisions"}],"predecessor-version":[{"id":26745,"href":"https:\/\/sertv.gob.pa\/crisolfm\/wp-json\/wp\/v2\/posts\/26743\/revisions\/26745"}],"wp:featuredmedia":[{"embeddable":true,"href":"https:\/\/sertv.gob.pa\/crisolfm\/wp-json\/wp\/v2\/media\/26744"}],"wp:attachment":[{"href":"https:\/\/sertv.gob.pa\/crisolfm\/wp-json\/wp\/v2\/media?parent=26743"}],"wp:term":[{"taxonomy":"category","embeddable":true,"href":"https:\/\/sertv.gob.pa\/crisolfm\/wp-json\/wp\/v2\/categories?post=26743"},{"taxonomy":"post_tag","embeddable":true,"href":"https:\/\/sertv.gob.pa\/crisolfm\/wp-json\/wp\/v2\/tags?post=26743"}],"curies":[{"name":"wp","href":"https:\/\/api.w.org\/{rel}","templated":true}]}}