{"id":26749,"date":"2020-02-19T13:18:53","date_gmt":"2020-02-19T13:18:53","guid":{"rendered":"https:\/\/sertv.gob.pa\/crisolfm\/?p=26749"},"modified":"2020-02-19T13:18:53","modified_gmt":"2020-02-19T13:18:53","slug":"banda-musical-la-primavera-representara-a-panama-en-la-parada-de-las-rosas-2021","status":"publish","type":"post","link":"https:\/\/sertv.gob.pa\/crisolfm\/banda-musical-la-primavera-representara-a-panama-en-la-parada-de-las-rosas-2021\/","title":{"rendered":"Banda musical La Primavera representar\u00e1 a Panam\u00e1 en la Parada de las Rosas 2021"},"content":{"rendered":"<p>La banda de m\u00fasica La Primavera, de Santiago de Veraguas, fue seleccionada para participar de la Parada de las Rosas 2021, que se realiza cada a\u00f1o en Pasadena, California, Estados Unidos.<\/p>\n<p>Esto, como pre\u00e1mbulo al festejo de los 200 a\u00f1os de la independencia de Panam\u00e1 de Espa\u00f1a. En este prestigioso evento la banda musical espera mostrar las costumbres, ra\u00edces y cultura del istmo.<\/p>\n<p>El director de la banda de m\u00fasica, Javier Jim\u00e9nez Ortiz, ha resaltado que gracias al trabajo de sus integrantes, maestros, padres de familia e instructores han podido presentarse con anterioridad en el extranjero. Y es que la banda ya ha representado al pa\u00eds en Nueva York, Brooklyn, California (Estados Unidos), Colombia y Costa Rica, entre otros.<\/p>\n<p>Ahora se sumar\u00e1 su presentaci\u00f3n en la Parada de las Rosas, el desfile anual m\u00e1s popular de Estados Unidos que se celebra cada primer d\u00eda del a\u00f1o nuevo.<\/p>\n<p>&nbsp;<\/p>\n","protected":false},"excerpt":{"rendered":"<p>La banda de m\u00fasica La Primavera, de Santiago de Veraguas, <a href=\"https:\/\/sertv.gob.pa\/crisolfm\/banda-musical-la-primavera-representara-a-panama-en-la-parada-de-las-rosas-2021\/\"> [&#8230;]<\/a><\/p>\n","protected":false},"author":64,"featured_media":26750,"comment_status":"closed","ping_status":"closed","sticky":false,"template":"","format":"standard","meta":{"footnotes":""},"categories":[6],"tags":[],"class_list":["post-26749","post","type-post","status-publish","format-standard","has-post-thumbnail","hentry","category-culturales"],"_links":{"self":[{"href":"https:\/\/sertv.gob.pa\/crisolfm\/wp-json\/wp\/v2\/posts\/26749","targetHints":{"allow":["GET"]}}],"collection":[{"href":"https:\/\/sertv.gob.pa\/crisolfm\/wp-json\/wp\/v2\/posts"}],"about":[{"href":"https:\/\/sertv.gob.pa\/crisolfm\/wp-json\/wp\/v2\/types\/post"}],"author":[{"embeddable":true,"href":"https:\/\/sertv.gob.pa\/crisolfm\/wp-json\/wp\/v2\/users\/64"}],"replies":[{"embeddable":true,"href":"https:\/\/sertv.gob.pa\/crisolfm\/wp-json\/wp\/v2\/comments?post=26749"}],"version-history":[{"count":1,"href":"https:\/\/sertv.gob.pa\/crisolfm\/wp-json\/wp\/v2\/posts\/26749\/revisions"}],"predecessor-version":[{"id":26751,"href":"https:\/\/sertv.gob.pa\/crisolfm\/wp-json\/wp\/v2\/posts\/26749\/revisions\/26751"}],"wp:featuredmedia":[{"embeddable":true,"href":"https:\/\/sertv.gob.pa\/crisolfm\/wp-json\/wp\/v2\/media\/26750"}],"wp:attachment":[{"href":"https:\/\/sertv.gob.pa\/crisolfm\/wp-json\/wp\/v2\/media?parent=26749"}],"wp:term":[{"taxonomy":"category","embeddable":true,"href":"https:\/\/sertv.gob.pa\/crisolfm\/wp-json\/wp\/v2\/categories?post=26749"},{"taxonomy":"post_tag","embeddable":true,"href":"https:\/\/sertv.gob.pa\/crisolfm\/wp-json\/wp\/v2\/tags?post=26749"}],"curies":[{"name":"wp","href":"https:\/\/api.w.org\/{rel}","templated":true}]}}