{"id":26752,"date":"2020-02-19T13:32:23","date_gmt":"2020-02-19T13:32:23","guid":{"rendered":"https:\/\/sertv.gob.pa\/crisolfm\/?p=26752"},"modified":"2020-02-19T13:32:23","modified_gmt":"2020-02-19T13:32:23","slug":"el-canal-y-un-mes-de-espectaculos-culturales","status":"publish","type":"post","link":"https:\/\/sertv.gob.pa\/crisolfm\/el-canal-y-un-mes-de-espectaculos-culturales\/","title":{"rendered":"El Canal y un mes de espect\u00e1culos culturales"},"content":{"rendered":"<p>La XVIII edici\u00f3n del espect\u00e1culo cultural <strong>Verano Canal <\/strong>se realiza en marzo en siete puntos del pa\u00eds, con muestras de la colecci\u00f3n del <a href=\"https:\/\/www.prensa.com\/tema\/mac-museo-de-arte-contempor-neo\/\" target=\"_blank\" rel=\"noopener\">Museo de Arte Contempor\u00e1neo (MAC Panam\u00e1)<\/a>, la presentaci\u00f3n de<strong> 1903: El Musical<\/strong> y el festival musical Juntos somos Panam\u00e1, en el que intervendr\u00e1n unos 30 artistas, liderados por Rub\u00e9n Blades.<\/p>\n<p>El recorrido comenzar\u00e1 en Changuinola, Bocas del Toro, el 5 y 6 de marzo, y avanzar\u00e1 por David, Chiriqu\u00ed; Santiago, Veraguas; Las Tablas, Los Santos; Aguadulce, Cocl\u00e9; Panam\u00e1 y Metet\u00ed, Dari\u00e9n.<\/p>\n<p>El 20 de marzo a las 5:00 p.m. el tour del Verano Canal regresa a las escalinatas del <a href=\"https:\/\/www.prensa.com\/tema\/canal-de-panam\/\" target=\"_blank\" rel=\"noopener\">Canal de Panam\u00e1<\/a> con teatro y los ritmos de <strong>1903: El Musical<\/strong>. Ser\u00e1 una adaptaci\u00f3n de la pieza que se estren\u00f3 en 2019 en el Teatro Nacional. Diego de Obald\u00eda, l\u00edder del proyecto, lo explica: \u201cEstamos haciendo cambios, nuevos raps y algo para fomentar el ambiente festivo en las escalinatas. El montaje dudar\u00e1 1:45 minutos, que es casi la mitad de su duraci\u00f3n original, as\u00ed que muchas escenas se van; esta es una obra \u2018viva\u2019, as\u00ed que ser\u00e1 diferente a la que se present\u00f3 el a\u00f1o pasado y a la que presentaremos en noviembre pr\u00f3ximo\u201d. Unas 100 personas (46 actores) intervienen en el desarrollo del musical.<\/p>\n<p>En tanto, el 21 de marzo desde las 2:00 p.m. ser\u00e1 el festival musical Juntos Somos Panam\u00e1, en el que participar\u00e1n unos 30 artistas, encabezados por Rub\u00e9n Blades y la Orquesta de Roberto Delgado.<\/p>\n<p>Los Beachers, Orquesta La Kshamba, Osvaldo Ayala, Oc\u00e9ano, Ra\u00edces y Cultura, Rabanes, Os Almirantes, Any Tovar, Luis Arteaga, Ingrid de Ycaza, Joey Montana, Gaitanes, Iv\u00e1n Barrios y Yael Danon, entre otros, pasar\u00e1n por el escenario en las faldas del Edificio de la Administraci\u00f3n del Canal.<\/p>\n<p>Todas las actividades del Verano Canal son gratuitas y conmemorar\u00e1n los 20 a\u00f1os de la transferencia de la v\u00eda acu\u00e1tica a manos paname\u00f1as, record\u00f3 Alexis Espino, gerente de comunicaciones del Canal de Panam\u00e1.<\/p>\n<p>&nbsp;<\/p>\n","protected":false},"excerpt":{"rendered":"<p>La XVIII edici\u00f3n del espect\u00e1culo cultural Verano Canal se realiza <a href=\"https:\/\/sertv.gob.pa\/crisolfm\/el-canal-y-un-mes-de-espectaculos-culturales\/\"> [&#8230;]<\/a><\/p>\n","protected":false},"author":64,"featured_media":26753,"comment_status":"closed","ping_status":"closed","sticky":false,"template":"","format":"standard","meta":{"footnotes":""},"categories":[6],"tags":[],"class_list":["post-26752","post","type-post","status-publish","format-standard","has-post-thumbnail","hentry","category-culturales"],"_links":{"self":[{"href":"https:\/\/sertv.gob.pa\/crisolfm\/wp-json\/wp\/v2\/posts\/26752","targetHints":{"allow":["GET"]}}],"collection":[{"href":"https:\/\/sertv.gob.pa\/crisolfm\/wp-json\/wp\/v2\/posts"}],"about":[{"href":"https:\/\/sertv.gob.pa\/crisolfm\/wp-json\/wp\/v2\/types\/post"}],"author":[{"embeddable":true,"href":"https:\/\/sertv.gob.pa\/crisolfm\/wp-json\/wp\/v2\/users\/64"}],"replies":[{"embeddable":true,"href":"https:\/\/sertv.gob.pa\/crisolfm\/wp-json\/wp\/v2\/comments?post=26752"}],"version-history":[{"count":1,"href":"https:\/\/sertv.gob.pa\/crisolfm\/wp-json\/wp\/v2\/posts\/26752\/revisions"}],"predecessor-version":[{"id":26754,"href":"https:\/\/sertv.gob.pa\/crisolfm\/wp-json\/wp\/v2\/posts\/26752\/revisions\/26754"}],"wp:featuredmedia":[{"embeddable":true,"href":"https:\/\/sertv.gob.pa\/crisolfm\/wp-json\/wp\/v2\/media\/26753"}],"wp:attachment":[{"href":"https:\/\/sertv.gob.pa\/crisolfm\/wp-json\/wp\/v2\/media?parent=26752"}],"wp:term":[{"taxonomy":"category","embeddable":true,"href":"https:\/\/sertv.gob.pa\/crisolfm\/wp-json\/wp\/v2\/categories?post=26752"},{"taxonomy":"post_tag","embeddable":true,"href":"https:\/\/sertv.gob.pa\/crisolfm\/wp-json\/wp\/v2\/tags?post=26752"}],"curies":[{"name":"wp","href":"https:\/\/api.w.org\/{rel}","templated":true}]}}