{"id":26758,"date":"2020-02-19T13:59:46","date_gmt":"2020-02-19T13:59:46","guid":{"rendered":"https:\/\/sertv.gob.pa\/crisolfm\/?p=26758"},"modified":"2020-02-19T13:59:46","modified_gmt":"2020-02-19T13:59:46","slug":"la-brujita-del-pedregoso-eutimia-gonzalez-artista-inolvidable","status":"publish","type":"post","link":"https:\/\/sertv.gob.pa\/crisolfm\/la-brujita-del-pedregoso-eutimia-gonzalez-artista-inolvidable\/","title":{"rendered":"\u201cLa Brujita del Pedregoso\u201d, Eutimia G\u00f3nz\u00e1lez, artista inolvidable"},"content":{"rendered":"<p>Eutimia Gonz\u00e1lez,\u00a0llamada \u201cLa Brujita del Pedregoso\u201d, sinti\u00f3 desde ni\u00f1a el arte de cantar. En 1957, con solo 14 a\u00f1os, interpret\u00f3 con el conjunto de Juan Antonio Ja\u00e9n, la canci\u00f3n \u201cDelfina Nieto\u201d, y result\u00f3 un \u00e9xito a nivel nacional.<\/p>\n<p>De baja estatura, pero due\u00f1a de un carisma \u00fanico y de una voz que la mantiene casi intacta hasta la actualidad, Eutimia, se ha convertido en una leyenda para la m\u00fasica t\u00edpica paname\u00f1a, entre los que formar\u00e1n parte de esta \u00e9lite Sandra Sandoval y Le\u00f3nidas Moreno, entre otras, seg\u00fan comenta.<\/p>\n<p>Eutimia Gonz\u00e1lez, naci\u00f3 un 31 de mayo de 1943. Fue la \u00faltima de una familia de 13 hermanos, dentro del hogar conformado por Francisco Javier Gonz\u00e1lez y Paula Herrera Bravo. La \u00fanica que sobresali\u00f3 pese a que todos ten\u00edan talento como artista.<\/p>\n<p>\u201cRecuerdo que ten\u00eda 9 a\u00f1os. All\u00e1 en mi natal El Pedregoso, Las Tablas. Sol\u00eda subirme a los \u00e1rboles a cantar. Julio Ernesto C\u00f3rdoba, mi maestro de quinto grado, al escucharme dijo \u201cdebes dedicarte al canto, tu voz es muy bonita y puedes ser como Lucy Ja\u00e9n\u201d.<\/p>\n<p>Luego de cobrar menos de dos d\u00f3lares por presentaci\u00f3n, empez\u00f3 a darse a conocer a los 12 a\u00f1os de edad, cantando en varias agrupaciones de su pueblo. Comparti\u00f3 su arte en los escenarios con Fito Espino (20 a\u00f1os) y con Osvaldo Ayala (9 a\u00f1os), con los conocidos \u00e9xitos Te Necesito, Triste Vida del Soltero, Mosaico de Carnaval, Mal de Amores y los Sentimientos del Alma.<\/p>\n<p>La cantante record\u00f3 que tras participar en los carnavales de Calle Abajo de Las Tablas con Fito Espino y despu\u00e9s con Osvaldo Ayala, en Calle Arriba, su voz aterciopelada, que arrancaba suspiros de todos sus seguidores, logr\u00f3 unir a ambos sectores que ve\u00edan en ella una embajadora de la m\u00fasica t\u00edpica.<\/p>\n<p>De personalidad amable y gentil, la interprete nos aclar\u00f3 que el apodo de \u201cLa Brujita\u201d, fue creaci\u00f3n de los locutores \u201cNino\u201d Mas\u00edas, Tony C\u00f3rdoba y Pedro V\u00e1squez Coccio.<\/p>\n<p>Tras casi tres d\u00e9cadas de presentaciones por toldos, jardines, hoteles y restaurantes y considerada la reina de la canci\u00f3n t\u00edpica del momento, su \u00faltima actuaci\u00f3n tuvo lugar el 10 de junio de 1989, sin dejar atr\u00e1s el cari\u00f1o que le profesan sus admiradores que recuerdan con nostalgia todos sus \u00e9xitos.<\/p>\n<p>Eutimia, ahora retirada vive tranquila en la comunidad de El Manantial, Las Tablas, Provincia de Los Santos no tuvo hijos y nunca se neg\u00f3 a la idea de ser madre, pero la oportunidad no lleg\u00f3 a su puerta. Fue cuando decidi\u00f3 adoptar a ocho ni\u00f1os y ser madrina de otros 246.<\/p>\n<p>&nbsp;<\/p>\n","protected":false},"excerpt":{"rendered":"<p>Eutimia Gonz\u00e1lez,\u00a0llamada \u201cLa Brujita del Pedregoso\u201d, sinti\u00f3 desde ni\u00f1a el <a href=\"https:\/\/sertv.gob.pa\/crisolfm\/la-brujita-del-pedregoso-eutimia-gonzalez-artista-inolvidable\/\"> [&#8230;]<\/a><\/p>\n","protected":false},"author":64,"featured_media":26759,"comment_status":"closed","ping_status":"closed","sticky":false,"template":"","format":"standard","meta":{"footnotes":""},"categories":[6],"tags":[],"class_list":["post-26758","post","type-post","status-publish","format-standard","has-post-thumbnail","hentry","category-culturales"],"_links":{"self":[{"href":"https:\/\/sertv.gob.pa\/crisolfm\/wp-json\/wp\/v2\/posts\/26758","targetHints":{"allow":["GET"]}}],"collection":[{"href":"https:\/\/sertv.gob.pa\/crisolfm\/wp-json\/wp\/v2\/posts"}],"about":[{"href":"https:\/\/sertv.gob.pa\/crisolfm\/wp-json\/wp\/v2\/types\/post"}],"author":[{"embeddable":true,"href":"https:\/\/sertv.gob.pa\/crisolfm\/wp-json\/wp\/v2\/users\/64"}],"replies":[{"embeddable":true,"href":"https:\/\/sertv.gob.pa\/crisolfm\/wp-json\/wp\/v2\/comments?post=26758"}],"version-history":[{"count":1,"href":"https:\/\/sertv.gob.pa\/crisolfm\/wp-json\/wp\/v2\/posts\/26758\/revisions"}],"predecessor-version":[{"id":26760,"href":"https:\/\/sertv.gob.pa\/crisolfm\/wp-json\/wp\/v2\/posts\/26758\/revisions\/26760"}],"wp:featuredmedia":[{"embeddable":true,"href":"https:\/\/sertv.gob.pa\/crisolfm\/wp-json\/wp\/v2\/media\/26759"}],"wp:attachment":[{"href":"https:\/\/sertv.gob.pa\/crisolfm\/wp-json\/wp\/v2\/media?parent=26758"}],"wp:term":[{"taxonomy":"category","embeddable":true,"href":"https:\/\/sertv.gob.pa\/crisolfm\/wp-json\/wp\/v2\/categories?post=26758"},{"taxonomy":"post_tag","embeddable":true,"href":"https:\/\/sertv.gob.pa\/crisolfm\/wp-json\/wp\/v2\/tags?post=26758"}],"curies":[{"name":"wp","href":"https:\/\/api.w.org\/{rel}","templated":true}]}}