{"id":26773,"date":"2020-02-19T14:48:35","date_gmt":"2020-02-19T14:48:35","guid":{"rendered":"https:\/\/sertv.gob.pa\/crisolfm\/?p=26773"},"modified":"2020-02-19T14:48:35","modified_gmt":"2020-02-19T14:48:35","slug":"descubren-un-macabro-muro-de-huesos-humanos-de-hace-quinientos-anos-en-una-catedral-belga","status":"publish","type":"post","link":"https:\/\/sertv.gob.pa\/crisolfm\/descubren-un-macabro-muro-de-huesos-humanos-de-hace-quinientos-anos-en-una-catedral-belga\/","title":{"rendered":"Descubren un macabro muro de huesos humanos de hace quinientos a\u00f1os en una catedral belga"},"content":{"rendered":"<p>Un equipo de arque\u00f3logos belgas ha realizado un macabro descubrimiento mientras trabajaba en la<strong> Catedral de San Bav\u00f3n en Gante<\/strong>. Se trata de un <strong>muro<\/strong> realizado con <strong>innumerables huesos humanos<\/strong> hace quinientos a\u00f1os, de acuerdo con <a href=\"https:\/\/www.brusselstimes.com\/belgium\/95613\/flemish-city-to-take-down-royal-portraits-in-protest-of-colonial-atrocities-vilvoorde-congo-monarchs-leopold-ii-colonies-colonial-rule-propaganda\/\" target=\"_blank\" rel=\"noopener\">The Brussel Times<\/a>.<\/p>\n<p>\u00abEs un<strong> hallazgo excepcional en B\u00e9lgica<\/strong>\u00bb, ha explicado el portavoz de los especialistas, de Ruben Willaert bvba, al citado medio. Es la primera vez en Flandes que se realiza un descubrimiento de estas caracter\u00edsticas, aunque s\u00ed existen en la vecina Francia con las <strong><a href=\"https:\/\/www.abc.es\/viajar\/destinos\/abci-siete-lugares-mas-terrorificos-europa-y-espanol-201810290235_noticia.html\" target=\"_blank\" rel=\"noopener\">catacumbas de Par\u00eds<\/a> <\/strong>o en determinadas iglesias de Ruman\u00eda y Bulgaria.<\/p>\n<p>En los templos medievales de la zona se suelen encontrar mucho material \u00f3seo sin clasificar y sin orden mientras que, en este caso, se aprecia una<strong> clara selecci\u00f3n de los huesos <\/strong>para <strong>crear una estructura. <\/strong><\/p>\n<p>El muro realizado mayoritariamente con<strong> f\u00e9mures y tibias humanos<\/strong>. Los huecos aparecen rellenos con frecuencia de <strong>calaveras<\/strong>, muchas de ellas hechas <strong>a\u00f1icos<\/strong>.<\/p>\n<p>Todos los restos parecen datar de la<strong> segunda mitad del siglo XV<\/strong>. \u00abPor ahora, vamos a emplazar la creaci\u00f3n del muro entre los siglos XVII y XVIII, aunque todav\u00eda queda mucha investigaci\u00f3n por hacer\u00bb. De acuerdo con esta suposici\u00f3n, usaron restos <strong>doscientos a\u00f1os anteriores.<\/strong><\/p>\n<p>Adem\u00e1s de cu\u00e1ndo se elev\u00f3, otra de las inc\u00f3gnitas que rodean el hallazgo es por qu\u00e9 se construy\u00f3. Todo parece indicar que se lleva a cabo con el fin de dejar <strong>espacio para nuevas sepulturas<\/strong>, lo que sugiere que esos huesos proceden de las tumbas que se estaban retirando.<\/p>\n<p>ABC Cultura<\/p>\n","protected":false},"excerpt":{"rendered":"<p>Un equipo de arque\u00f3logos belgas ha realizado un macabro descubrimiento <a href=\"https:\/\/sertv.gob.pa\/crisolfm\/descubren-un-macabro-muro-de-huesos-humanos-de-hace-quinientos-anos-en-una-catedral-belga\/\"> [&#8230;]<\/a><\/p>\n","protected":false},"author":64,"featured_media":26774,"comment_status":"closed","ping_status":"closed","sticky":false,"template":"","format":"standard","meta":{"footnotes":""},"categories":[6],"tags":[],"class_list":["post-26773","post","type-post","status-publish","format-standard","has-post-thumbnail","hentry","category-culturales"],"_links":{"self":[{"href":"https:\/\/sertv.gob.pa\/crisolfm\/wp-json\/wp\/v2\/posts\/26773","targetHints":{"allow":["GET"]}}],"collection":[{"href":"https:\/\/sertv.gob.pa\/crisolfm\/wp-json\/wp\/v2\/posts"}],"about":[{"href":"https:\/\/sertv.gob.pa\/crisolfm\/wp-json\/wp\/v2\/types\/post"}],"author":[{"embeddable":true,"href":"https:\/\/sertv.gob.pa\/crisolfm\/wp-json\/wp\/v2\/users\/64"}],"replies":[{"embeddable":true,"href":"https:\/\/sertv.gob.pa\/crisolfm\/wp-json\/wp\/v2\/comments?post=26773"}],"version-history":[{"count":1,"href":"https:\/\/sertv.gob.pa\/crisolfm\/wp-json\/wp\/v2\/posts\/26773\/revisions"}],"predecessor-version":[{"id":26775,"href":"https:\/\/sertv.gob.pa\/crisolfm\/wp-json\/wp\/v2\/posts\/26773\/revisions\/26775"}],"wp:featuredmedia":[{"embeddable":true,"href":"https:\/\/sertv.gob.pa\/crisolfm\/wp-json\/wp\/v2\/media\/26774"}],"wp:attachment":[{"href":"https:\/\/sertv.gob.pa\/crisolfm\/wp-json\/wp\/v2\/media?parent=26773"}],"wp:term":[{"taxonomy":"category","embeddable":true,"href":"https:\/\/sertv.gob.pa\/crisolfm\/wp-json\/wp\/v2\/categories?post=26773"},{"taxonomy":"post_tag","embeddable":true,"href":"https:\/\/sertv.gob.pa\/crisolfm\/wp-json\/wp\/v2\/tags?post=26773"}],"curies":[{"name":"wp","href":"https:\/\/api.w.org\/{rel}","templated":true}]}}