{"id":26777,"date":"2020-02-19T14:54:45","date_gmt":"2020-02-19T14:54:45","guid":{"rendered":"https:\/\/sertv.gob.pa\/crisolfm\/?p=26777"},"modified":"2020-02-19T15:20:03","modified_gmt":"2020-02-19T15:20:03","slug":"el-cambio-climatico-y-su-impacto-en-panama","status":"publish","type":"post","link":"https:\/\/sertv.gob.pa\/crisolfm\/el-cambio-climatico-y-su-impacto-en-panama\/","title":{"rendered":"El Cambio Clim\u00e1tico y su impacto en Panam\u00e1"},"content":{"rendered":"<p>La semana pasada estuvo en la C\u00e1mara de Comercio, Industrias y Agricultura de Panam\u00e1 ( CCIAP) el administrador del Canal de Panam\u00e1, Ricaurte V\u00e1squez y reiter\u00f3 que la entidad trabaja sin descanso en la b\u00fasqueda de soluciones que aseguren la disponibilidad de agua para el funcionamiento confiable de su ruta.<\/p>\n<p>La tarea abarca el estudio de alternativas tanto de fuentes h\u00eddricas como de tecnolog\u00edas que le permitan al pa\u00eds asegurar en el tiempo la operaci\u00f3n continua de su recurso m\u00e1s estrat\u00e9gico, lo cual comprende el aprovechamiento de nuestra privilegiada localizaci\u00f3n en la regi\u00f3n.<\/p>\n<p>Entre las opciones consideradas en la actualidad por la Autoridad del Canal de Panam\u00e1 (ACP) est\u00e1n la de un proyecto conocido como Brazo de Trinidad, dentro de la jurisdicci\u00f3n del Canal, y el de utilizar el lago Bayano, que requiere solventar aspectos legales dado que el 49% de las acciones de dichas facilidades pertenece a una empresa privada.<\/p>\n<p>Con independencia de la decisi\u00f3n que finalmente se adopte para superar esta situaci\u00f3n de inter\u00e9s general, el pa\u00eds conf\u00eda en la capacidad, la experiencia y el liderazgo visionario de quienes hoy gestionan el Canal de Panam\u00e1.<\/p>\n<p>A esta situaci\u00f3n se suma, una gesti\u00f3n fallida por d\u00e9cadas de la administraci\u00f3n y suministro de agua potable por parte del Instituto de Acueductos y Alcantarillados Nacionales (IDAAN), lo que nos exige de una transformaci\u00f3n de esta instituci\u00f3n,\u00a0a trav\u00e9s de una revisi\u00f3n integral que permita a todos los paname\u00f1os tener acceso a la misma. Aunado al desarrollo de una cultura de ahorro, el agua debe ser una inquietud de todos como pa\u00eds.<\/p>\n<p>En el marco de esta preocupaci\u00f3n, este gremio aplaude y se hace eco del reciente pronunciamiento de la Red de J\u00f3venes Frente al Cambio Clim\u00e1tico de Panam\u00e1, a trav\u00e9s del cual instan a \u201cque las organizaciones p\u00fablicas y privadas reconozcan el cambio clim\u00e1tico como una realidad y una amenaza de alcance transversal que debe ser enfrentada a trav\u00e9s una buena interrelaci\u00f3n de actores\u201d.<\/p>\n<p>Nos encontramos en un momento trascendental. Confiamos que, si ya una vez logramos ponernos de acuerdo en el rumbo que le quer\u00edamos dar al Canal de Panam\u00e1 en manos paname\u00f1as; esta vez, todos los sectores que conformamos el pa\u00eds podamos tomar decisiones acertadas, que garanticen el principal recurso natural de todos los paname\u00f1os y paname\u00f1as.<\/p>\n<p>&nbsp;<\/p>\n","protected":false},"excerpt":{"rendered":"<p>La semana pasada estuvo en la C\u00e1mara de Comercio, Industrias <a href=\"https:\/\/sertv.gob.pa\/crisolfm\/el-cambio-climatico-y-su-impacto-en-panama\/\"> [&#8230;]<\/a><\/p>\n","protected":false},"author":64,"featured_media":26778,"comment_status":"closed","ping_status":"closed","sticky":false,"template":"","format":"standard","meta":{"footnotes":""},"categories":[7],"tags":[],"class_list":["post-26777","post","type-post","status-publish","format-standard","has-post-thumbnail","hentry","category-ecologicas"],"_links":{"self":[{"href":"https:\/\/sertv.gob.pa\/crisolfm\/wp-json\/wp\/v2\/posts\/26777","targetHints":{"allow":["GET"]}}],"collection":[{"href":"https:\/\/sertv.gob.pa\/crisolfm\/wp-json\/wp\/v2\/posts"}],"about":[{"href":"https:\/\/sertv.gob.pa\/crisolfm\/wp-json\/wp\/v2\/types\/post"}],"author":[{"embeddable":true,"href":"https:\/\/sertv.gob.pa\/crisolfm\/wp-json\/wp\/v2\/users\/64"}],"replies":[{"embeddable":true,"href":"https:\/\/sertv.gob.pa\/crisolfm\/wp-json\/wp\/v2\/comments?post=26777"}],"version-history":[{"count":3,"href":"https:\/\/sertv.gob.pa\/crisolfm\/wp-json\/wp\/v2\/posts\/26777\/revisions"}],"predecessor-version":[{"id":26788,"href":"https:\/\/sertv.gob.pa\/crisolfm\/wp-json\/wp\/v2\/posts\/26777\/revisions\/26788"}],"wp:featuredmedia":[{"embeddable":true,"href":"https:\/\/sertv.gob.pa\/crisolfm\/wp-json\/wp\/v2\/media\/26778"}],"wp:attachment":[{"href":"https:\/\/sertv.gob.pa\/crisolfm\/wp-json\/wp\/v2\/media?parent=26777"}],"wp:term":[{"taxonomy":"category","embeddable":true,"href":"https:\/\/sertv.gob.pa\/crisolfm\/wp-json\/wp\/v2\/categories?post=26777"},{"taxonomy":"post_tag","embeddable":true,"href":"https:\/\/sertv.gob.pa\/crisolfm\/wp-json\/wp\/v2\/tags?post=26777"}],"curies":[{"name":"wp","href":"https:\/\/api.w.org\/{rel}","templated":true}]}}