{"id":26796,"date":"2020-02-20T13:08:11","date_gmt":"2020-02-20T13:08:11","guid":{"rendered":"https:\/\/sertv.gob.pa\/crisolfm\/?p=26796"},"modified":"2020-02-20T13:08:11","modified_gmt":"2020-02-20T13:08:11","slug":"retos-de-la-real-academia-espanola-rae-en-pleno-auge-tecnologico","status":"publish","type":"post","link":"https:\/\/sertv.gob.pa\/crisolfm\/retos-de-la-real-academia-espanola-rae-en-pleno-auge-tecnologico\/","title":{"rendered":"Retos de la Real Academia Espa\u00f1ola (RAE) en pleno auge tecnol\u00f3gico"},"content":{"rendered":"<p>El director de la<a href=\"https:\/\/www.prensa.com\/tema\/rae\/\" target=\"_blank\" rel=\"noopener\"> Real Academia Espa\u00f1ola (RAE)<\/a>, <strong>Santiago Mu\u00f1oz Machado<\/strong>, durante su visita a Panam\u00e1 hizo una parada en la Academia Paname\u00f1a de la Lengua para abordar diversos temas relacionados con los desaf\u00edos actuales del idioma espa\u00f1ol, como la preservaci\u00f3n de la gram\u00e1tica en la era de la transformaci\u00f3n digital. Mu\u00f1oz Machado reiter\u00f3 que la RAE siempre se mantendr\u00e1 pendiente de lo que traiga consigo la era digital y el uso del lenguaje ante la masificaci\u00f3n de las redes sociales.<\/p>\n<p>Uno de los proyectos de la instituci\u00f3n que va en l\u00ednea con el avance tecnol\u00f3gico es el denominado Lengua Espa\u00f1ola e Inteligencia Artificial (Leia), que fue presentado durante la clausura del XVI Congreso de Academias de la Lengua Espa\u00f1ola, realizado en agosto del a\u00f1o 2019.<\/p>\n<p>Las dos l\u00edneas maestras de dicho proyecto son la vigilancia del buen uso del idioma en las m\u00e1quinas y el aprovechamiento de las herramientas de la inteligencia artificial para contribuir al enriquecimiento de la lengua espa\u00f1ola.<\/p>\n<p>Una labor impulsada no solo por la RAE sino por diversas empresas tecnol\u00f3gicas tales como Telef\u00f3nica, Google, Amazon, Twitter, Microsoft y Facebook, puntualiz\u00f3 Mu\u00f1oz Machado en conferencia de prensa.<\/p>\n<p>Durante su estancia en Panam\u00e1, Mu\u00f1oz Machado, jurista e historiador de profesi\u00f3n, igualmente brind\u00f3 la conferencia titulada \u201cLenguaje y derecho\u201d en el Palacio de Justicia Gil Ponce y mantuvo reuniones con diversas autoridades del Gobierno, entre ellos el presidente de la Rep\u00fablica, <a href=\"https:\/\/www.prensa.com\/tema\/laurentino-cortizo\/\" target=\"_blank\" rel=\"noopener\">Laurentino Cortizo<\/a>.<\/p>\n<p>&nbsp;<\/p>\n","protected":false},"excerpt":{"rendered":"<p>El director de la Real Academia Espa\u00f1ola (RAE), Santiago Mu\u00f1oz <a href=\"https:\/\/sertv.gob.pa\/crisolfm\/retos-de-la-real-academia-espanola-rae-en-pleno-auge-tecnologico\/\"> [&#8230;]<\/a><\/p>\n","protected":false},"author":64,"featured_media":26797,"comment_status":"closed","ping_status":"closed","sticky":false,"template":"","format":"standard","meta":{"footnotes":""},"categories":[6],"tags":[],"class_list":["post-26796","post","type-post","status-publish","format-standard","has-post-thumbnail","hentry","category-culturales"],"_links":{"self":[{"href":"https:\/\/sertv.gob.pa\/crisolfm\/wp-json\/wp\/v2\/posts\/26796","targetHints":{"allow":["GET"]}}],"collection":[{"href":"https:\/\/sertv.gob.pa\/crisolfm\/wp-json\/wp\/v2\/posts"}],"about":[{"href":"https:\/\/sertv.gob.pa\/crisolfm\/wp-json\/wp\/v2\/types\/post"}],"author":[{"embeddable":true,"href":"https:\/\/sertv.gob.pa\/crisolfm\/wp-json\/wp\/v2\/users\/64"}],"replies":[{"embeddable":true,"href":"https:\/\/sertv.gob.pa\/crisolfm\/wp-json\/wp\/v2\/comments?post=26796"}],"version-history":[{"count":1,"href":"https:\/\/sertv.gob.pa\/crisolfm\/wp-json\/wp\/v2\/posts\/26796\/revisions"}],"predecessor-version":[{"id":26798,"href":"https:\/\/sertv.gob.pa\/crisolfm\/wp-json\/wp\/v2\/posts\/26796\/revisions\/26798"}],"wp:featuredmedia":[{"embeddable":true,"href":"https:\/\/sertv.gob.pa\/crisolfm\/wp-json\/wp\/v2\/media\/26797"}],"wp:attachment":[{"href":"https:\/\/sertv.gob.pa\/crisolfm\/wp-json\/wp\/v2\/media?parent=26796"}],"wp:term":[{"taxonomy":"category","embeddable":true,"href":"https:\/\/sertv.gob.pa\/crisolfm\/wp-json\/wp\/v2\/categories?post=26796"},{"taxonomy":"post_tag","embeddable":true,"href":"https:\/\/sertv.gob.pa\/crisolfm\/wp-json\/wp\/v2\/tags?post=26796"}],"curies":[{"name":"wp","href":"https:\/\/api.w.org\/{rel}","templated":true}]}}