{"id":26810,"date":"2020-02-20T13:33:15","date_gmt":"2020-02-20T13:33:15","guid":{"rendered":"https:\/\/sertv.gob.pa\/crisolfm\/?p=26810"},"modified":"2020-02-20T13:33:15","modified_gmt":"2020-02-20T13:33:15","slug":"panama-viejo-registra-record-de-visitantes-en-su-aniversario-500","status":"publish","type":"post","link":"https:\/\/sertv.gob.pa\/crisolfm\/panama-viejo-registra-record-de-visitantes-en-su-aniversario-500\/","title":{"rendered":"Panam\u00e1 Viejo registra r\u00e9cord de visitantes en su aniversario 500"},"content":{"rendered":"<p><strong>Conjunto Monumental Hist\u00f3rico de Panam\u00e1 Viejo <\/strong>registr\u00f3 en 2019, a\u00f1o en el que <a href=\"https:\/\/www.prensa.com\/tema\/500-a-os\/\" target=\"_blank\" rel=\"noopener\">celebr\u00f3 los 500 a\u00f1os de fundaci\u00f3n de la ciudad<\/a>, la cifra r\u00e9cord de 164,680 visitantes.<\/p>\n<p>Justamente en agosto acudi\u00f3 la mayor cantidad de personas, 37,851. Enero, con 20,586, fue el siguiente mes de 2019 con m\u00e1s afluencia de p\u00fablico, seg\u00fan las estad\u00edsticas del Patronato de Panam\u00e1 Viejo. En 2018, el total de p\u00fablico fue de 93,274.<\/p>\n<p>Unos 130 eventos y actividades variadas, adem\u00e1s de 10 conferencias y charlas, 5 seminarios y foros y 10 exposiciones temporales, formaron parte del programa conmemorativo preparado por la <a href=\"https:\/\/www.prensa.com\/tema\/comisi-n-500-a-os-de-ciudad-de-panam\/\" target=\"_blank\" rel=\"noopener\">Comisi\u00f3n 500 A\u00f1os del Patronato de Panam\u00e1 Viejo<\/a>.<\/p>\n<p>\u201cEl Plan Cultural 500 a\u00f1os Panam\u00e1 Viejo fij\u00f3 su plan de actuaci\u00f3n temporal en tres a\u00f1os: 2017-2019, culminando en el a\u00f1o de fundaci\u00f3n de la ciudad. Fue concebido como una oportunidad para impulsar y apoyar el desarrollo del contenido patrimonial desde la preservaci\u00f3n de la memoria y su difusi\u00f3n a trav\u00e9s de tres l\u00edneas estrat\u00e9gicas ejecutadas a trav\u00e9s de cinco programas de acci\u00f3n\u201d, explica Silvia Estar\u00e1s, directora ejecutiva de la Comisi\u00f3n 500 A\u00f1os del Patronato de Panam\u00e1 Viejo.<\/p>\n<p>Y tras un 2019 agitado, en el sitio ya desarrollan nuevas actividades este 2020, como el espect\u00e1culo de iluminaci\u00f3n, las jornadas de puertas abiertas (acceso libre a nacionales y residentes) y con el programa de exposiciones temporales, adem\u00e1s de la divulgaci\u00f3n de las investigaciones cient\u00edficas en el lugar en la revista Canto Rodado.<\/p>\n<p>En el caso de las jornadas de puertas abiertas, entre enero y abril de 2020 se celebrar\u00e1n dos domingos al mes, en lugar de uno, para incentivar las visitas familiares en el verano. Las jornadas que restan ser\u00e1n el 23 de febrero, 15 y 29 de marzo y 5 y 26 de abril.<\/p>\n<p>&nbsp;<\/p>\n","protected":false},"excerpt":{"rendered":"<p>Conjunto Monumental Hist\u00f3rico de Panam\u00e1 Viejo registr\u00f3 en 2019, a\u00f1o <a href=\"https:\/\/sertv.gob.pa\/crisolfm\/panama-viejo-registra-record-de-visitantes-en-su-aniversario-500\/\"> [&#8230;]<\/a><\/p>\n","protected":false},"author":64,"featured_media":26811,"comment_status":"closed","ping_status":"closed","sticky":false,"template":"","format":"standard","meta":{"footnotes":""},"categories":[6],"tags":[],"class_list":["post-26810","post","type-post","status-publish","format-standard","has-post-thumbnail","hentry","category-culturales"],"_links":{"self":[{"href":"https:\/\/sertv.gob.pa\/crisolfm\/wp-json\/wp\/v2\/posts\/26810","targetHints":{"allow":["GET"]}}],"collection":[{"href":"https:\/\/sertv.gob.pa\/crisolfm\/wp-json\/wp\/v2\/posts"}],"about":[{"href":"https:\/\/sertv.gob.pa\/crisolfm\/wp-json\/wp\/v2\/types\/post"}],"author":[{"embeddable":true,"href":"https:\/\/sertv.gob.pa\/crisolfm\/wp-json\/wp\/v2\/users\/64"}],"replies":[{"embeddable":true,"href":"https:\/\/sertv.gob.pa\/crisolfm\/wp-json\/wp\/v2\/comments?post=26810"}],"version-history":[{"count":1,"href":"https:\/\/sertv.gob.pa\/crisolfm\/wp-json\/wp\/v2\/posts\/26810\/revisions"}],"predecessor-version":[{"id":26812,"href":"https:\/\/sertv.gob.pa\/crisolfm\/wp-json\/wp\/v2\/posts\/26810\/revisions\/26812"}],"wp:featuredmedia":[{"embeddable":true,"href":"https:\/\/sertv.gob.pa\/crisolfm\/wp-json\/wp\/v2\/media\/26811"}],"wp:attachment":[{"href":"https:\/\/sertv.gob.pa\/crisolfm\/wp-json\/wp\/v2\/media?parent=26810"}],"wp:term":[{"taxonomy":"category","embeddable":true,"href":"https:\/\/sertv.gob.pa\/crisolfm\/wp-json\/wp\/v2\/categories?post=26810"},{"taxonomy":"post_tag","embeddable":true,"href":"https:\/\/sertv.gob.pa\/crisolfm\/wp-json\/wp\/v2\/tags?post=26810"}],"curies":[{"name":"wp","href":"https:\/\/api.w.org\/{rel}","templated":true}]}}