{"id":26826,"date":"2020-02-20T14:27:25","date_gmt":"2020-02-20T14:27:25","guid":{"rendered":"https:\/\/sertv.gob.pa\/crisolfm\/?p=26826"},"modified":"2020-02-20T14:27:25","modified_gmt":"2020-02-20T14:27:25","slug":"decrecimiento-de-la-aviacion-y-la-reduccion-del-transporte-aereo-de-manera-justa","status":"publish","type":"post","link":"https:\/\/sertv.gob.pa\/crisolfm\/decrecimiento-de-la-aviacion-y-la-reduccion-del-transporte-aereo-de-manera-justa\/","title":{"rendered":"Decrecimiento de la aviaci\u00f3n y la reducci\u00f3n del transporte a\u00e9reo de manera justa"},"content":{"rendered":"<p>Ecologistas en Acci\u00f3n presenta un informe sobre el impacto de la aviaci\u00f3n a nivel global y propone medidas concretas para reducir el n\u00famero de vuelos.<\/p>\n<p>La aviaci\u00f3n es el medio de transporte cuyas emisiones de gases de efecto invernadero (GEI) m\u00e1s r\u00e1pido est\u00e1n creciendo.<\/p>\n<p>La organizaci\u00f3n ecologista defiende la reducci\u00f3n significativa del n\u00famero de vuelos como \u00fanica forma de disminuir el impacto del sector.<\/p>\n<p>Ecologistas en Acci\u00f3n ha presentado el informe \u2018<strong>Decrecimiento de la aviaci\u00f3n<\/strong>: la reducci\u00f3n del transporte a\u00e9reo de manera justa\u2019, una publicaci\u00f3n en la que se analizan los impactos ambientales y sociales de la aviaci\u00f3n como medio transporte, y se ofrecen medidas como alternativa a la utilizaci\u00f3n del avi\u00f3n.<\/p>\n<p>Este informe ha sido elaborado por la red internacional \u00abStay Grounded\u00bb, de la que forma parte Ecologistas en Acci\u00f3n, gracias al trabajo conjunto de m\u00e1s de 150 personas expertas y activistas.<\/p>\n<p>Constituye una publicaci\u00f3n pionera cuyo objetivo es evaluar con rigor <strong>el impacto real de la aviaci\u00f3n<\/strong>, as\u00ed como poner encima de la mesa medidas concretas y realistas para reducir el n\u00famero de vuelos como forma de construir un sistema de movilidad justo y sostenible.<\/p>\n<p>ECOticias<\/p>\n","protected":false},"excerpt":{"rendered":"<p>Ecologistas en Acci\u00f3n presenta un informe sobre el impacto de <a href=\"https:\/\/sertv.gob.pa\/crisolfm\/decrecimiento-de-la-aviacion-y-la-reduccion-del-transporte-aereo-de-manera-justa\/\"> [&#8230;]<\/a><\/p>\n","protected":false},"author":64,"featured_media":26827,"comment_status":"closed","ping_status":"closed","sticky":false,"template":"","format":"standard","meta":{"footnotes":""},"categories":[7],"tags":[],"class_list":["post-26826","post","type-post","status-publish","format-standard","has-post-thumbnail","hentry","category-ecologicas"],"_links":{"self":[{"href":"https:\/\/sertv.gob.pa\/crisolfm\/wp-json\/wp\/v2\/posts\/26826","targetHints":{"allow":["GET"]}}],"collection":[{"href":"https:\/\/sertv.gob.pa\/crisolfm\/wp-json\/wp\/v2\/posts"}],"about":[{"href":"https:\/\/sertv.gob.pa\/crisolfm\/wp-json\/wp\/v2\/types\/post"}],"author":[{"embeddable":true,"href":"https:\/\/sertv.gob.pa\/crisolfm\/wp-json\/wp\/v2\/users\/64"}],"replies":[{"embeddable":true,"href":"https:\/\/sertv.gob.pa\/crisolfm\/wp-json\/wp\/v2\/comments?post=26826"}],"version-history":[{"count":1,"href":"https:\/\/sertv.gob.pa\/crisolfm\/wp-json\/wp\/v2\/posts\/26826\/revisions"}],"predecessor-version":[{"id":26828,"href":"https:\/\/sertv.gob.pa\/crisolfm\/wp-json\/wp\/v2\/posts\/26826\/revisions\/26828"}],"wp:featuredmedia":[{"embeddable":true,"href":"https:\/\/sertv.gob.pa\/crisolfm\/wp-json\/wp\/v2\/media\/26827"}],"wp:attachment":[{"href":"https:\/\/sertv.gob.pa\/crisolfm\/wp-json\/wp\/v2\/media?parent=26826"}],"wp:term":[{"taxonomy":"category","embeddable":true,"href":"https:\/\/sertv.gob.pa\/crisolfm\/wp-json\/wp\/v2\/categories?post=26826"},{"taxonomy":"post_tag","embeddable":true,"href":"https:\/\/sertv.gob.pa\/crisolfm\/wp-json\/wp\/v2\/tags?post=26826"}],"curies":[{"name":"wp","href":"https:\/\/api.w.org\/{rel}","templated":true}]}}