{"id":26835,"date":"2020-02-20T14:50:10","date_gmt":"2020-02-20T14:50:10","guid":{"rendered":"https:\/\/sertv.gob.pa\/crisolfm\/?p=26835"},"modified":"2020-02-20T14:50:10","modified_gmt":"2020-02-20T14:50:10","slug":"confirmado-la-contaminacion-del-trafico-aumenta-la-presion-arterial-de-los-barceloneses","status":"publish","type":"post","link":"https:\/\/sertv.gob.pa\/crisolfm\/confirmado-la-contaminacion-del-trafico-aumenta-la-presion-arterial-de-los-barceloneses\/","title":{"rendered":"Confirmado, la contaminaci\u00f3n del tr\u00e1fico aumenta la presi\u00f3n arterial de los barceloneses"},"content":{"rendered":"<p>Los investigadores han observado que un incremento de<strong> la concentraci\u00f3n diaria de contaminaci\u00f3n atmosf\u00e9rica<\/strong> por material particulado ultrafino (con un di\u00e1metro inferior a 100 nan\u00f3metros) est\u00e1 asociada a un \u00abaumento significativo\u00bb de la presi\u00f3n arterial, medida a trav\u00e9s del monitoreo ambulatorio mediante &#8216;holter&#8217; (un dispositivo port\u00e1til que mide la frecuencia cardiaca) durante 24 horas. \u00abLas part\u00edculas ultrafinas, cuya principal fuente de emisi\u00f3n en \u00e1reas urbanas es el tr\u00e1fico, es un factor de riesgo cardiovascular y, tal y como hemos observado en el estudio, tambi\u00e9n en el control de la presi\u00f3n arterial.<\/p>\n<p>En concreto, un incremento de 10.000 nan\u00f3metros de part\u00edculas ultrafinas est\u00e1 asociado con aproximadamente un aumento de 3 mil\u00edmetros de mercurio de <strong>los niveles de presi\u00f3n arterial diast\u00f3lica<\/strong>\u00ab, explica el investigador del CSIC Aurelio Tob\u00edas, que trabaja en el Instituto de Diagn\u00f3stico Ambiental y Estudios del Agua (IDAEA).<\/p>\n<p>En esta investigaci\u00f3n se han empleado datos de Cardiorisc, correspondientes a 521 pacientes en la ciudad de Barcelona, entre 2009 y 2014. Este registro recoge a nivel nacional pacientes seleccionados por sus m\u00e9dicos en 223 centros de atenci\u00f3n primaria pertenecientes al Sistema de Salud Espa\u00f1ol, donde se recogen datos diarios del monitoreo ambulatorio de la presi\u00f3n arterial.<\/p>\n<p>Aparte de incrementar los s\u00edntomas cardiovasculares, <strong>la contaminaci\u00f3n atmosf\u00e9rica<\/strong> tambi\u00e9n aumenta los respiratorios, indica el investigador del CSIC. \u00abEstudios recientes muestran los efectos negativos en el aparato reproductor y el sistema nervioso.<\/p>\n<p>Tambi\u00e9n afecta al desarrollo neuronal e incrementa el riesgo de c\u00e1ncer, sin olvidar el gasto derivado que conlleva para el sistema sanitario. Es urgente actuar ya\u00bb, advierte. Seg\u00fan los cient\u00edficos, las medidas puestas en marcha para reducir el tr\u00e1fico en las grandes ciudades no son suficientes.<\/p>\n<p>&nbsp;<\/p>\n<p>ECOticias<\/p>\n","protected":false},"excerpt":{"rendered":"<p>Los investigadores han observado que un incremento de la concentraci\u00f3n <a href=\"https:\/\/sertv.gob.pa\/crisolfm\/confirmado-la-contaminacion-del-trafico-aumenta-la-presion-arterial-de-los-barceloneses\/\"> [&#8230;]<\/a><\/p>\n","protected":false},"author":64,"featured_media":26836,"comment_status":"closed","ping_status":"closed","sticky":false,"template":"","format":"standard","meta":{"footnotes":""},"categories":[7],"tags":[],"class_list":["post-26835","post","type-post","status-publish","format-standard","has-post-thumbnail","hentry","category-ecologicas"],"_links":{"self":[{"href":"https:\/\/sertv.gob.pa\/crisolfm\/wp-json\/wp\/v2\/posts\/26835","targetHints":{"allow":["GET"]}}],"collection":[{"href":"https:\/\/sertv.gob.pa\/crisolfm\/wp-json\/wp\/v2\/posts"}],"about":[{"href":"https:\/\/sertv.gob.pa\/crisolfm\/wp-json\/wp\/v2\/types\/post"}],"author":[{"embeddable":true,"href":"https:\/\/sertv.gob.pa\/crisolfm\/wp-json\/wp\/v2\/users\/64"}],"replies":[{"embeddable":true,"href":"https:\/\/sertv.gob.pa\/crisolfm\/wp-json\/wp\/v2\/comments?post=26835"}],"version-history":[{"count":1,"href":"https:\/\/sertv.gob.pa\/crisolfm\/wp-json\/wp\/v2\/posts\/26835\/revisions"}],"predecessor-version":[{"id":26837,"href":"https:\/\/sertv.gob.pa\/crisolfm\/wp-json\/wp\/v2\/posts\/26835\/revisions\/26837"}],"wp:featuredmedia":[{"embeddable":true,"href":"https:\/\/sertv.gob.pa\/crisolfm\/wp-json\/wp\/v2\/media\/26836"}],"wp:attachment":[{"href":"https:\/\/sertv.gob.pa\/crisolfm\/wp-json\/wp\/v2\/media?parent=26835"}],"wp:term":[{"taxonomy":"category","embeddable":true,"href":"https:\/\/sertv.gob.pa\/crisolfm\/wp-json\/wp\/v2\/categories?post=26835"},{"taxonomy":"post_tag","embeddable":true,"href":"https:\/\/sertv.gob.pa\/crisolfm\/wp-json\/wp\/v2\/tags?post=26835"}],"curies":[{"name":"wp","href":"https:\/\/api.w.org\/{rel}","templated":true}]}}