{"id":26839,"date":"2020-02-21T13:19:03","date_gmt":"2020-02-21T13:19:03","guid":{"rendered":"https:\/\/sertv.gob.pa\/crisolfm\/?p=26839"},"modified":"2020-02-21T13:19:03","modified_gmt":"2020-02-21T13:19:03","slug":"harvard-otorgara-a-ruben-blades-la-medalla-de-artes-sera-el-primer-latino-en-recibirla","status":"publish","type":"post","link":"https:\/\/sertv.gob.pa\/crisolfm\/harvard-otorgara-a-ruben-blades-la-medalla-de-artes-sera-el-primer-latino-en-recibirla\/","title":{"rendered":"Harvard otorgar\u00e1 a Rub\u00e9n Blades la Medalla de Artes; ser\u00e1 el primer latino en recibirla"},"content":{"rendered":"<p><a href=\"https:\/\/www.prensa.com\/tema\/rub-n-blades\/\" target=\"_blank\" rel=\"noopener\">El cantautor paname\u00f1o Rub\u00e9n Blades<\/a> recibir\u00e1 el pr\u00f3ximo 30 de abril la <strong>Medalla de Artes de la Universidad de Harvard<\/strong> por sus logros en el arte.<\/p>\n<p>Blades, quien es egresado de Harvard, se convierte en el primer latinoamericano en recibir ese reconocimiento, el cual se entrega desde 1995. El primero que la recibi\u00f3 fue el actor Jack Lemmon.<\/p>\n<p>La noticia de la entrega de esta medalla, que ser\u00e1 en el marco del <strong>Arts First del 30 de abril al 3 de mayo<\/strong>, se conoci\u00f3 el pasado 18 de febrero. Blades, a trav\u00e9s de su cuenta oficial de Twitter, agradeci\u00f3 el honor a la Universidad de Harvard.<\/p>\n<p>Para el presidente de Harvard, <strong>Larry Bacow<\/strong>, Blades \u201ces un m\u00fasico fenomenal, un actor talentoso y un servidor p\u00fablico dedicado y esperamos darle la bienvenida de regreso al campus y celeb<u>r<\/u>ar sus m\u00faltiples logros en las artes\u201d.<\/p>\n<p>En tanto, Jack Megan, director de la Oficina de las Artes de Harvard, dijo que el \u201carco de la carrera din\u00e1mica de Blades es realmente sorprendente\u201d.<\/p>\n<p>Blades ha ganado 17 premios Grammy y Latin Grammy. Adem\u00e1s de m\u00faltiples reconocimientos en toda Am\u00e9rica Latina por sus producciones que exploran tanto la salsa, como el <em>rock and roll, <\/em>el<em> pop,<\/em> el <em>jazz <\/em>y los sonidos urbanos.<\/p>\n<p>&nbsp;<\/p>\n","protected":false},"excerpt":{"rendered":"<p>El cantautor paname\u00f1o Rub\u00e9n Blades recibir\u00e1 el pr\u00f3ximo 30 de <a href=\"https:\/\/sertv.gob.pa\/crisolfm\/harvard-otorgara-a-ruben-blades-la-medalla-de-artes-sera-el-primer-latino-en-recibirla\/\"> [&#8230;]<\/a><\/p>\n","protected":false},"author":64,"featured_media":26841,"comment_status":"closed","ping_status":"closed","sticky":false,"template":"","format":"standard","meta":{"footnotes":""},"categories":[6],"tags":[],"class_list":["post-26839","post","type-post","status-publish","format-standard","has-post-thumbnail","hentry","category-culturales"],"_links":{"self":[{"href":"https:\/\/sertv.gob.pa\/crisolfm\/wp-json\/wp\/v2\/posts\/26839","targetHints":{"allow":["GET"]}}],"collection":[{"href":"https:\/\/sertv.gob.pa\/crisolfm\/wp-json\/wp\/v2\/posts"}],"about":[{"href":"https:\/\/sertv.gob.pa\/crisolfm\/wp-json\/wp\/v2\/types\/post"}],"author":[{"embeddable":true,"href":"https:\/\/sertv.gob.pa\/crisolfm\/wp-json\/wp\/v2\/users\/64"}],"replies":[{"embeddable":true,"href":"https:\/\/sertv.gob.pa\/crisolfm\/wp-json\/wp\/v2\/comments?post=26839"}],"version-history":[{"count":1,"href":"https:\/\/sertv.gob.pa\/crisolfm\/wp-json\/wp\/v2\/posts\/26839\/revisions"}],"predecessor-version":[{"id":26842,"href":"https:\/\/sertv.gob.pa\/crisolfm\/wp-json\/wp\/v2\/posts\/26839\/revisions\/26842"}],"wp:featuredmedia":[{"embeddable":true,"href":"https:\/\/sertv.gob.pa\/crisolfm\/wp-json\/wp\/v2\/media\/26841"}],"wp:attachment":[{"href":"https:\/\/sertv.gob.pa\/crisolfm\/wp-json\/wp\/v2\/media?parent=26839"}],"wp:term":[{"taxonomy":"category","embeddable":true,"href":"https:\/\/sertv.gob.pa\/crisolfm\/wp-json\/wp\/v2\/categories?post=26839"},{"taxonomy":"post_tag","embeddable":true,"href":"https:\/\/sertv.gob.pa\/crisolfm\/wp-json\/wp\/v2\/tags?post=26839"}],"curies":[{"name":"wp","href":"https:\/\/api.w.org\/{rel}","templated":true}]}}