{"id":26875,"date":"2020-02-21T15:12:39","date_gmt":"2020-02-21T15:12:39","guid":{"rendered":"https:\/\/sertv.gob.pa\/crisolfm\/?p=26875"},"modified":"2020-02-21T15:12:39","modified_gmt":"2020-02-21T15:12:39","slug":"volkswagen-estudia-desarrollar-un-tractor-electrico-en-africa","status":"publish","type":"post","link":"https:\/\/sertv.gob.pa\/crisolfm\/volkswagen-estudia-desarrollar-un-tractor-electrico-en-africa\/","title":{"rendered":"Volkswagen estudia desarrollar un tractor el\u00e9ctrico en \u00c1frica"},"content":{"rendered":"<p>El grupo automovil\u00edstico Volskswagen mostrar\u00e1 un estudio sobre <strong>un tractor el\u00e9ctrico desarrollado<\/strong> en y para el continente africano para facilitar la agricultura a peque\u00f1a escala y aumentar su productividad en la exposici\u00f3n &#8216;Countryside, The Future&#8217;, que estar\u00e1 hasta el 14 de agosto en el Museo Solomon R. Guggenheim de Nueva York (Estados Unidos).<\/p>\n<p>Tal como ha informado el consorcio alem\u00e1n, este proyecto podr\u00eda ayudar tambi\u00e9n a mejorar el suministro de energ\u00eda en \u00c1frica y a la movilidad en la zona subsahariana, ya que el modelo ir\u00eda aparejado a una red de estaciones de carga que utilizar\u00edan la luz solar para generar energ\u00eda limpia y gratuita.<\/p>\n<p>La belleza del dise\u00f1o estar\u00e1 en su simplicidad y en la alegr\u00eda de usarlo, ha asegurado el director de Dise\u00f1o del centro de Innovaci\u00f3n del grupo <strong>Volkswagen en Potsdam (Alemania)<\/strong>, Peter Wouda.<\/p>\n<p>Para el presidente de grupo Volkswagen en Sud\u00e1frica, Thomas Sch\u00e4fer, la movilidad es un derecho social, ya que proporciona acceso a diferentes realidades econ\u00f3micas y pol\u00edticas.<\/p>\n<p>\u00abSi queremos proporcionar movilidad para todos, debemos entender el campo. El campo subsahariano es un buen ejemplo. Estoy muy emocionado de poder vincular a nuestros investigadores, futuros jefes y dise\u00f1adores para obtener informaci\u00f3n a trav\u00e9s de investigaciones que conduzcan <strong>al proyecto del tractor el\u00e9ctrico<\/strong>\u00ab, ha indicado el directivo.<\/p>\n<p>El veh\u00edculo no se vender\u00e1 a individuos, sino que se alquilar\u00e1 por comunas y ser\u00e1 compartido por los aldeanos y agricultores, lo que permitir\u00e1 que las personas que nunca podr\u00edan comprar un tractor lo usen.<\/p>\n<p>ECOticias<\/p>\n","protected":false},"excerpt":{"rendered":"<p>El grupo automovil\u00edstico Volskswagen mostrar\u00e1 un estudio sobre un tractor <a href=\"https:\/\/sertv.gob.pa\/crisolfm\/volkswagen-estudia-desarrollar-un-tractor-electrico-en-africa\/\"> [&#8230;]<\/a><\/p>\n","protected":false},"author":64,"featured_media":26876,"comment_status":"closed","ping_status":"closed","sticky":false,"template":"","format":"standard","meta":{"footnotes":""},"categories":[7],"tags":[],"class_list":["post-26875","post","type-post","status-publish","format-standard","has-post-thumbnail","hentry","category-ecologicas"],"_links":{"self":[{"href":"https:\/\/sertv.gob.pa\/crisolfm\/wp-json\/wp\/v2\/posts\/26875","targetHints":{"allow":["GET"]}}],"collection":[{"href":"https:\/\/sertv.gob.pa\/crisolfm\/wp-json\/wp\/v2\/posts"}],"about":[{"href":"https:\/\/sertv.gob.pa\/crisolfm\/wp-json\/wp\/v2\/types\/post"}],"author":[{"embeddable":true,"href":"https:\/\/sertv.gob.pa\/crisolfm\/wp-json\/wp\/v2\/users\/64"}],"replies":[{"embeddable":true,"href":"https:\/\/sertv.gob.pa\/crisolfm\/wp-json\/wp\/v2\/comments?post=26875"}],"version-history":[{"count":1,"href":"https:\/\/sertv.gob.pa\/crisolfm\/wp-json\/wp\/v2\/posts\/26875\/revisions"}],"predecessor-version":[{"id":26877,"href":"https:\/\/sertv.gob.pa\/crisolfm\/wp-json\/wp\/v2\/posts\/26875\/revisions\/26877"}],"wp:featuredmedia":[{"embeddable":true,"href":"https:\/\/sertv.gob.pa\/crisolfm\/wp-json\/wp\/v2\/media\/26876"}],"wp:attachment":[{"href":"https:\/\/sertv.gob.pa\/crisolfm\/wp-json\/wp\/v2\/media?parent=26875"}],"wp:term":[{"taxonomy":"category","embeddable":true,"href":"https:\/\/sertv.gob.pa\/crisolfm\/wp-json\/wp\/v2\/categories?post=26875"},{"taxonomy":"post_tag","embeddable":true,"href":"https:\/\/sertv.gob.pa\/crisolfm\/wp-json\/wp\/v2\/tags?post=26875"}],"curies":[{"name":"wp","href":"https:\/\/api.w.org\/{rel}","templated":true}]}}