{"id":26889,"date":"2020-02-27T13:39:13","date_gmt":"2020-02-27T13:39:13","guid":{"rendered":"https:\/\/sertv.gob.pa\/crisolfm\/?p=26889"},"modified":"2020-02-27T13:39:13","modified_gmt":"2020-02-27T13:39:13","slug":"fallece-a-los-cien-anos-el-filosofo-argentino-mario-bunge","status":"publish","type":"post","link":"https:\/\/sertv.gob.pa\/crisolfm\/fallece-a-los-cien-anos-el-filosofo-argentino-mario-bunge\/","title":{"rendered":"Fallece a los cien a\u00f1os el fil\u00f3sofo argentino Mario Bunge"},"content":{"rendered":"<p>El fil\u00f3sofo argentino Mario Bunge ha fallecido a los cien a\u00f1os en Montreal (Canad\u00e1), ciudad donde resid\u00eda tras ocupar desde 1966 la c\u00e1tedra Frothingham de L\u00f3gica y Metaf\u00edsica en la Universidad McGill, informa la Fundaci\u00f3n Princesa de Asturias, que en 1982 le concedi\u00f3 el galard\u00f3n de Comunicaci\u00f3n y Humanidades.<\/p>\n<p>F\u00edsico y fil\u00f3sofo, Bunge fue autor de una abundante producci\u00f3n filos\u00f3fica centrada la Metodolog\u00eda y Filosof\u00eda de la Ciencia tras recibir una formaci\u00f3n de corte humanista y filos\u00f3fica basada en la lectura de los cl\u00e1sicos de la literatura y de autores como Hegel, Marx, Freud y Rusell, de los que m\u00e1s tarde se distanciar\u00eda cr\u00edticamente.<\/p>\n<p>Procedente de una familia alemana emparentada con espa\u00f1oles oriundos del Pa\u00eds Vasco y de Asturias, estudi\u00f3 f\u00edsica y matem\u00e1tica en la Universidad Nacional de La Plata, y tras ser el cofundador en 1944 de la prestigiosa Asociaci\u00f3n F\u00edsica Argentina vio truncada su carrera universitaria a causa de sus compromisos \u00e9ticos y pol\u00edticos.<\/p>\n<p>A la ca\u00edda de Per\u00f3n, fue reincorporado en la Universidad de Buenos Aires y nombrado catedr\u00e1tico de F\u00edsica Te\u00f3rica y de Filosof\u00eda de la Ciencia hasta que abandon\u00f3 su pa\u00eds en 1963 y pas\u00f3 por universidades norteamericanas y alemanas. Se instal\u00f3 finalmente en 1966 en la Universidad McGill de Montreal, Canad\u00e1.<\/p>\n<p>Fundador de la revista de filosof\u00eda Minerva (1944-45), fue cofundador de la Asociaci\u00f3n Rioplatense de L\u00f3gica y Filosof\u00eda Cient\u00edfica (1956), de la que fue presidente. Irrumpi\u00f3 como autor en 1959 en el campo de la Teor\u00eda de la Ciencia con su obra \u00abCausality: The Place of the Causal Principle in Modern Science\u00bb, traducida a siete idiomas, y en la que defiende un principio ampliado del determinismo en la ciencia moderna.<\/p>\n<p>En 1967 public\u00f3 su tratado de teor\u00eda de la ciencia, \u00abScientific Research\u00bb, traducido dos a\u00f1os despu\u00e9s al castellano, y cuya repercusi\u00f3n entre los estudiosos de la filosof\u00eda de la ciencia ha sido notoria.<\/p>\n<p>Distinguido con diecis\u00e9is doctorados honoris causa y cuatro profesorados honorarios, en 2009 recibi\u00f3 el Guggenheim Fellowship y en 2014 el Premio Ludwig von Bertalanffy despu\u00e9s de que en 1982 le fuera concedido el premio Pr\u00edncipe de Asturias de Comunicaci\u00f3n y Humanidades en la segunda edici\u00f3n de los galardones que llevan el t\u00edtulo del heredero de la Corona espa\u00f1ola.<\/p>\n<p>EFE<\/p>\n","protected":false},"excerpt":{"rendered":"<p>El fil\u00f3sofo argentino Mario Bunge ha fallecido a los cien <a href=\"https:\/\/sertv.gob.pa\/crisolfm\/fallece-a-los-cien-anos-el-filosofo-argentino-mario-bunge\/\"> [&#8230;]<\/a><\/p>\n","protected":false},"author":64,"featured_media":26890,"comment_status":"closed","ping_status":"closed","sticky":false,"template":"","format":"standard","meta":{"footnotes":""},"categories":[6],"tags":[],"class_list":["post-26889","post","type-post","status-publish","format-standard","has-post-thumbnail","hentry","category-culturales"],"_links":{"self":[{"href":"https:\/\/sertv.gob.pa\/crisolfm\/wp-json\/wp\/v2\/posts\/26889","targetHints":{"allow":["GET"]}}],"collection":[{"href":"https:\/\/sertv.gob.pa\/crisolfm\/wp-json\/wp\/v2\/posts"}],"about":[{"href":"https:\/\/sertv.gob.pa\/crisolfm\/wp-json\/wp\/v2\/types\/post"}],"author":[{"embeddable":true,"href":"https:\/\/sertv.gob.pa\/crisolfm\/wp-json\/wp\/v2\/users\/64"}],"replies":[{"embeddable":true,"href":"https:\/\/sertv.gob.pa\/crisolfm\/wp-json\/wp\/v2\/comments?post=26889"}],"version-history":[{"count":1,"href":"https:\/\/sertv.gob.pa\/crisolfm\/wp-json\/wp\/v2\/posts\/26889\/revisions"}],"predecessor-version":[{"id":26891,"href":"https:\/\/sertv.gob.pa\/crisolfm\/wp-json\/wp\/v2\/posts\/26889\/revisions\/26891"}],"wp:featuredmedia":[{"embeddable":true,"href":"https:\/\/sertv.gob.pa\/crisolfm\/wp-json\/wp\/v2\/media\/26890"}],"wp:attachment":[{"href":"https:\/\/sertv.gob.pa\/crisolfm\/wp-json\/wp\/v2\/media?parent=26889"}],"wp:term":[{"taxonomy":"category","embeddable":true,"href":"https:\/\/sertv.gob.pa\/crisolfm\/wp-json\/wp\/v2\/categories?post=26889"},{"taxonomy":"post_tag","embeddable":true,"href":"https:\/\/sertv.gob.pa\/crisolfm\/wp-json\/wp\/v2\/tags?post=26889"}],"curies":[{"name":"wp","href":"https:\/\/api.w.org\/{rel}","templated":true}]}}