{"id":26901,"date":"2020-02-27T14:13:42","date_gmt":"2020-02-27T14:13:42","guid":{"rendered":"https:\/\/sertv.gob.pa\/crisolfm\/?p=26901"},"modified":"2020-02-27T14:13:42","modified_gmt":"2020-02-27T14:13:42","slug":"noruega-autoriza-la-demolicion-de-un-edificio-historico-del-centro-de-oslo","status":"publish","type":"post","link":"https:\/\/sertv.gob.pa\/crisolfm\/noruega-autoriza-la-demolicion-de-un-edificio-historico-del-centro-de-oslo\/","title":{"rendered":"Noruega autoriza la demolici\u00f3n de un edificio hist\u00f3rico del centro de Oslo"},"content":{"rendered":"<p>Noruega dio este mi\u00e9rcoles luz verde a la pol\u00e9mica demolici\u00f3n de un edificio hist\u00f3rico en el centro de Oslo, que alberga murales con la contribuci\u00f3n de Picasso, pero que result\u00f3 da\u00f1ado en los atentados de 2011 del ultraderechista Behring Breivik.<\/p>\n<p>El \u00abBloque Y\u00bb, llamado as\u00ed por su forma, fue terminado en 1969 y alberga en sus muros obras del artista noruego Carl Nesjar a partir de dibujos del pintor espa\u00f1ol.<\/p>\n<p>El edificio de estilo modernista albergaba un ministerio, pero result\u00f3 da\u00f1ado por los ataques con bomba de Breivik el 22 de julio de 2011.<\/p>\n<p>En 2014, por razones de seguridad, Noruega decidi\u00f3 demolerlo y decidi\u00f3 desplazar a otro lugar dos de las obras murales en las que colabor\u00f3 Picasso, \u00abLos Pescadores\u00bb y \u00abLa Gaviota\u00bb.<\/p>\n<p>La decisi\u00f3n de demolerlo provoc\u00f3 una ola de protestas de los defensores del patrimonio y de parte del p\u00fablico, que se moviliz\u00f3 y evit\u00f3 aplazar la destrucci\u00f3n del edificio.<\/p>\n<p>Tres organizaciones y asociaciones anunciaron el 13 de febrero su intenci\u00f3n de llevar al Estado ante la justicia y pidieron al gobierno que aplace la demolici\u00f3n hasta que se pronuncie la justicia.<\/p>\n<p>El mi\u00e9rcoles el ejecutivo rechaz\u00f3 esta demanda, argumentando las consecuencias financieras de un nuevo aplazamiento y por la necesidad de avanzar en el proyecto de reconstrucci\u00f3n<\/p>\n<p>\u00abLa Statsbygg [la agencia responsable de gestionar el patrimonio del Estado] es responsable de empezar los trabajos preparatorios para demoler el &#8216;bloque Y'\u00bb, indic\u00f3 en un comunicado el ministerio de\u00a0Administraciones Territoriales y Modernizaci\u00f3n.<\/p>\n<p>Este mi\u00e9rcoles una petici\u00f3n en contra de la destrucci\u00f3n hab\u00eda reunido unas 28.000 firmas.<\/p>\n<p>AFP<\/p>\n","protected":false},"excerpt":{"rendered":"<p>Noruega dio este mi\u00e9rcoles luz verde a la pol\u00e9mica demolici\u00f3n <a href=\"https:\/\/sertv.gob.pa\/crisolfm\/noruega-autoriza-la-demolicion-de-un-edificio-historico-del-centro-de-oslo\/\"> [&#8230;]<\/a><\/p>\n","protected":false},"author":64,"featured_media":26902,"comment_status":"closed","ping_status":"closed","sticky":false,"template":"","format":"standard","meta":{"footnotes":""},"categories":[6],"tags":[],"class_list":["post-26901","post","type-post","status-publish","format-standard","has-post-thumbnail","hentry","category-culturales"],"_links":{"self":[{"href":"https:\/\/sertv.gob.pa\/crisolfm\/wp-json\/wp\/v2\/posts\/26901","targetHints":{"allow":["GET"]}}],"collection":[{"href":"https:\/\/sertv.gob.pa\/crisolfm\/wp-json\/wp\/v2\/posts"}],"about":[{"href":"https:\/\/sertv.gob.pa\/crisolfm\/wp-json\/wp\/v2\/types\/post"}],"author":[{"embeddable":true,"href":"https:\/\/sertv.gob.pa\/crisolfm\/wp-json\/wp\/v2\/users\/64"}],"replies":[{"embeddable":true,"href":"https:\/\/sertv.gob.pa\/crisolfm\/wp-json\/wp\/v2\/comments?post=26901"}],"version-history":[{"count":1,"href":"https:\/\/sertv.gob.pa\/crisolfm\/wp-json\/wp\/v2\/posts\/26901\/revisions"}],"predecessor-version":[{"id":26903,"href":"https:\/\/sertv.gob.pa\/crisolfm\/wp-json\/wp\/v2\/posts\/26901\/revisions\/26903"}],"wp:featuredmedia":[{"embeddable":true,"href":"https:\/\/sertv.gob.pa\/crisolfm\/wp-json\/wp\/v2\/media\/26902"}],"wp:attachment":[{"href":"https:\/\/sertv.gob.pa\/crisolfm\/wp-json\/wp\/v2\/media?parent=26901"}],"wp:term":[{"taxonomy":"category","embeddable":true,"href":"https:\/\/sertv.gob.pa\/crisolfm\/wp-json\/wp\/v2\/categories?post=26901"},{"taxonomy":"post_tag","embeddable":true,"href":"https:\/\/sertv.gob.pa\/crisolfm\/wp-json\/wp\/v2\/tags?post=26901"}],"curies":[{"name":"wp","href":"https:\/\/api.w.org\/{rel}","templated":true}]}}