{"id":26904,"date":"2020-02-27T14:19:34","date_gmt":"2020-02-27T14:19:34","guid":{"rendered":"https:\/\/sertv.gob.pa\/crisolfm\/?p=26904"},"modified":"2020-02-27T14:19:34","modified_gmt":"2020-02-27T14:19:34","slug":"indignacion-por-un-desfile-de-carnaval-con-nazis-y-victimas-del-holocausto-en-espana","status":"publish","type":"post","link":"https:\/\/sertv.gob.pa\/crisolfm\/indignacion-por-un-desfile-de-carnaval-con-nazis-y-victimas-del-holocausto-en-espana\/","title":{"rendered":"Indignaci\u00f3n por un desfile de Carnaval con nazis y v\u00edctimas del Holocausto en Espa\u00f1a"},"content":{"rendered":"<p>Un desfile de\u00a0carnaval\u00a0con comparsas disfrazados de nazis y de v\u00edctimas del Holocausto, en un pueblo de Espa\u00f1a, suscit\u00f3 la indignaci\u00f3n de las autoridades israel\u00edes y de la ministra espa\u00f1ola de Exteriores, que vieron en ello una \u00abbanalizaci\u00f3n\u00bb de aquel genocidio.<\/p>\n<p>La pol\u00e9mica se produjo en Campo de Criptana, una localidad de 13.000 habitantes en la regi\u00f3n de La Mancha, en el centro del pa\u00eds.<\/p>\n<p>En una comparsa realizada el lunes, se pudo ver a unos hombres disfrazados de soldados nazis bailando por las calles del pueblo con armas de juguete y al son de m\u00fasica disco.<\/p>\n<p>Cerca de ellos desfil\u00f3 otro grupo de mujeres con banderas israel\u00edes y disfraces de rayas blancas y azules, parecidos a los uniformes que llevaban los prisioneros de los campos de concentraci\u00f3n en los que el nazismo asesin\u00f3 a seis millones de jud\u00edos durante la Segunda Guerra Mundial.<\/p>\n<p>Tambi\u00e9n pudo verse en el desfile una carroza con una mujer bailando, flanqueada de dos doberman y dos chimeneas, una alusi\u00f3n a los hornos crematorios empleados en los campos.<\/p>\n<p>\u00abHorrorizada por la comparsa del\u00a0carnaval\u00a0en Campo de Criptana. Rechazo sin matices a cualquier banalizaci\u00f3n del Holocausto\u00bb, escribi\u00f3 este mi\u00e9rcoles en su cuenta de Twitter la ministra espa\u00f1ola de Exteriores, Arancha Gonz\u00e1lez Laya.<\/p>\n<p>El martes por la noche, la embajadora de Israel en Espa\u00f1a, Rodica Radian-Gordon, hab\u00eda manifestado su \u00abrepulsa y total rechazo por la infame banalizaci\u00f3n del Holocausto que ha tenido lugar en el\u00a0carnaval\u00a0de Campo de Criptana\u00bb.<\/p>\n<p>\u00abEs una afrenta a la memoria de las v\u00edctimas de la Sho\u00e1 y una intolerable manifestaci\u00f3n de antisemitismo\u00bb, agreg\u00f3.<\/p>\n<p>En un comunicado, el ayuntamiento de Campo de Criptana se disculp\u00f3 por la representaci\u00f3n, a cargo de una asociaci\u00f3n cultural de la cercana provincia castellana de Cuenca.<\/p>\n<p>AFP<\/p>\n","protected":false},"excerpt":{"rendered":"<p>Un desfile de\u00a0carnaval\u00a0con comparsas disfrazados de nazis y de v\u00edctimas <a href=\"https:\/\/sertv.gob.pa\/crisolfm\/indignacion-por-un-desfile-de-carnaval-con-nazis-y-victimas-del-holocausto-en-espana\/\"> [&#8230;]<\/a><\/p>\n","protected":false},"author":64,"featured_media":26905,"comment_status":"closed","ping_status":"closed","sticky":false,"template":"","format":"standard","meta":{"footnotes":""},"categories":[6],"tags":[],"class_list":["post-26904","post","type-post","status-publish","format-standard","has-post-thumbnail","hentry","category-culturales"],"_links":{"self":[{"href":"https:\/\/sertv.gob.pa\/crisolfm\/wp-json\/wp\/v2\/posts\/26904","targetHints":{"allow":["GET"]}}],"collection":[{"href":"https:\/\/sertv.gob.pa\/crisolfm\/wp-json\/wp\/v2\/posts"}],"about":[{"href":"https:\/\/sertv.gob.pa\/crisolfm\/wp-json\/wp\/v2\/types\/post"}],"author":[{"embeddable":true,"href":"https:\/\/sertv.gob.pa\/crisolfm\/wp-json\/wp\/v2\/users\/64"}],"replies":[{"embeddable":true,"href":"https:\/\/sertv.gob.pa\/crisolfm\/wp-json\/wp\/v2\/comments?post=26904"}],"version-history":[{"count":1,"href":"https:\/\/sertv.gob.pa\/crisolfm\/wp-json\/wp\/v2\/posts\/26904\/revisions"}],"predecessor-version":[{"id":26906,"href":"https:\/\/sertv.gob.pa\/crisolfm\/wp-json\/wp\/v2\/posts\/26904\/revisions\/26906"}],"wp:featuredmedia":[{"embeddable":true,"href":"https:\/\/sertv.gob.pa\/crisolfm\/wp-json\/wp\/v2\/media\/26905"}],"wp:attachment":[{"href":"https:\/\/sertv.gob.pa\/crisolfm\/wp-json\/wp\/v2\/media?parent=26904"}],"wp:term":[{"taxonomy":"category","embeddable":true,"href":"https:\/\/sertv.gob.pa\/crisolfm\/wp-json\/wp\/v2\/categories?post=26904"},{"taxonomy":"post_tag","embeddable":true,"href":"https:\/\/sertv.gob.pa\/crisolfm\/wp-json\/wp\/v2\/tags?post=26904"}],"curies":[{"name":"wp","href":"https:\/\/api.w.org\/{rel}","templated":true}]}}