{"id":26907,"date":"2020-02-27T14:29:05","date_gmt":"2020-02-27T14:29:05","guid":{"rendered":"https:\/\/sertv.gob.pa\/crisolfm\/?p=26907"},"modified":"2020-02-27T14:29:05","modified_gmt":"2020-02-27T14:29:05","slug":"miercoles-de-cenizas-dia-de-reflexion","status":"publish","type":"post","link":"https:\/\/sertv.gob.pa\/crisolfm\/miercoles-de-cenizas-dia-de-reflexion\/","title":{"rendered":"Mi\u00e9rcoles de Cenizas, d\u00eda de reflexi\u00f3n"},"content":{"rendered":"<p>Este 26 de febrero, la iglesia cat\u00f3lica celebr\u00f3 el Mi\u00e9rcoles de Cenizas, ceremonia religiosa que da inicio al tiempo de Cuaresma hacia la Semana Santa.<\/p>\n<p>Los cristianos creyentes asisten al templo, al encuentro con Jes\u00fas y para reflexionar sobre su vida, mientras, un sacerdote impone una cruz de cenizas, como rito anual, en la frente de cada persona.<\/p>\n<p>El presb\u00edtero de la Polic\u00eda Nacional en Santiago, Noel Pinz\u00f3n, explic\u00f3 que esta fecha es la apertura que la iglesia cat\u00f3lica les da a los creyentes para acercarse al Se\u00f1or Jes\u00fas, quien los invita y llama a iniciar un nuevo ritmo de vida,\u00a0y para ello,\u00a0se requiere una revisi\u00f3n de la existencia, hacia una conversi\u00f3n.<\/p>\n<p>&nbsp;<\/p>\n","protected":false},"excerpt":{"rendered":"<p>Este 26 de febrero, la iglesia cat\u00f3lica celebr\u00f3 el Mi\u00e9rcoles <a href=\"https:\/\/sertv.gob.pa\/crisolfm\/miercoles-de-cenizas-dia-de-reflexion\/\"> [&#8230;]<\/a><\/p>\n","protected":false},"author":64,"featured_media":26909,"comment_status":"closed","ping_status":"closed","sticky":false,"template":"","format":"standard","meta":{"footnotes":""},"categories":[6],"tags":[],"class_list":["post-26907","post","type-post","status-publish","format-standard","has-post-thumbnail","hentry","category-culturales"],"_links":{"self":[{"href":"https:\/\/sertv.gob.pa\/crisolfm\/wp-json\/wp\/v2\/posts\/26907","targetHints":{"allow":["GET"]}}],"collection":[{"href":"https:\/\/sertv.gob.pa\/crisolfm\/wp-json\/wp\/v2\/posts"}],"about":[{"href":"https:\/\/sertv.gob.pa\/crisolfm\/wp-json\/wp\/v2\/types\/post"}],"author":[{"embeddable":true,"href":"https:\/\/sertv.gob.pa\/crisolfm\/wp-json\/wp\/v2\/users\/64"}],"replies":[{"embeddable":true,"href":"https:\/\/sertv.gob.pa\/crisolfm\/wp-json\/wp\/v2\/comments?post=26907"}],"version-history":[{"count":1,"href":"https:\/\/sertv.gob.pa\/crisolfm\/wp-json\/wp\/v2\/posts\/26907\/revisions"}],"predecessor-version":[{"id":26910,"href":"https:\/\/sertv.gob.pa\/crisolfm\/wp-json\/wp\/v2\/posts\/26907\/revisions\/26910"}],"wp:featuredmedia":[{"embeddable":true,"href":"https:\/\/sertv.gob.pa\/crisolfm\/wp-json\/wp\/v2\/media\/26909"}],"wp:attachment":[{"href":"https:\/\/sertv.gob.pa\/crisolfm\/wp-json\/wp\/v2\/media?parent=26907"}],"wp:term":[{"taxonomy":"category","embeddable":true,"href":"https:\/\/sertv.gob.pa\/crisolfm\/wp-json\/wp\/v2\/categories?post=26907"},{"taxonomy":"post_tag","embeddable":true,"href":"https:\/\/sertv.gob.pa\/crisolfm\/wp-json\/wp\/v2\/tags?post=26907"}],"curies":[{"name":"wp","href":"https:\/\/api.w.org\/{rel}","templated":true}]}}