{"id":26920,"date":"2020-02-27T15:25:52","date_gmt":"2020-02-27T15:25:52","guid":{"rendered":"https:\/\/sertv.gob.pa\/crisolfm\/?p=26920"},"modified":"2020-02-27T15:25:52","modified_gmt":"2020-02-27T15:25:52","slug":"por-fin-las-calderas-de-carbon-estaran-prohibidas-en-madrid-en-dos-anos","status":"publish","type":"post","link":"https:\/\/sertv.gob.pa\/crisolfm\/por-fin-las-calderas-de-carbon-estaran-prohibidas-en-madrid-en-dos-anos\/","title":{"rendered":"Por fin las calderas de carb\u00f3n estar\u00e1n prohibidas en Madrid en dos a\u00f1os"},"content":{"rendered":"<p>As\u00ed lo ha anunciado el delegado de Medio Ambiente y Movilidad, Borja Carabante, en una entrevista con Europa Press en la que adem\u00e1s ha precisado que las subvenciones para renovarlas se van a anticipar y comenzar\u00e1n a otorgarse en los meses de mayo y junio. \u00abSe ha aprobado el plan estrat\u00e9gico de subvenciones donde se determina la cuant\u00eda y las l\u00edneas de subvenci\u00f3n, y<strong> las calderas<\/strong> es la primera que vamos a sacar\u00bb, ha apuntado a continuaci\u00f3n el delegado.<\/p>\n<p>El delegado ha reiterado que \u00ablas calderas de carb\u00f3n estar\u00e1n prohibidas el 1 de enero de 2022 y que habr\u00e1 que renovarlas todas\u00bb. Los madrile\u00f1os tendr\u00e1n por tanto 2020 y 2021 para renovarlas.<\/p>\n<p>Se trata de una de las acciones incluida en <strong>la estrategia de sostenibilidad ambiental Madrid 360<\/strong>, que tambi\u00e9n incluye la entrada de los veh\u00edculos con etiqueta medioambiental C de alta ocupaci\u00f3n en el centro de la capital.<\/p>\n<p>A este respecto, Borja Carabante ha incidido en que si de \u00e9l depende \u00ablos coches C de alta ocupaci\u00f3n entrar\u00e1n al Centro\u00bb, una medida que va en consonancia, ha apuntado con las ciudades \u00abmodernas\u00bb y con \u00abla utilizaci\u00f3n del coche compartido\u00bb.<\/p>\n<p>\u00abNosotros queremos restringir <strong>el uso de los veh\u00edculos contaminantes<\/strong>. Hay una directiva europea sobre los coches C que dice que tienen una contaminaci\u00f3n similar a los de los veh\u00edculos eco, de tal manera que si se comparte coche habr\u00e1 menos en las calles\u00bb.<\/p>\n<p>Ha vaticinado que tras realizar la modelizaci\u00f3n de Madrid 360 \u00abse determinar\u00e1 que todas las medidas permitir\u00e1n cumplir con la directiva europea\u00bb.<\/p>\n<p>\u00abMe siento muy orgulloso de haber elaborado esta estrategia en tres meses que no ha sido cuestionada m\u00e1s que por una medida (coches C). Me parece que es un absoluto \u00e9xito\u00bb, ha aseverado.<\/p>\n<p>Tambi\u00e9n sobre subvenciones, pero en este caso para renovar la flota de veh\u00edculos de mercanc\u00edas, ha indicado que no subvencionar\u00e1n para renovar la tecnolog\u00eda del veh\u00edculo, tal y como hab\u00edan pedido algunas asociaciones de transportistas, sino para cambiar por completo el veh\u00edculo.<\/p>\n<p>ECOticias<\/p>\n","protected":false},"excerpt":{"rendered":"<p>As\u00ed lo ha anunciado el delegado de Medio Ambiente y <a href=\"https:\/\/sertv.gob.pa\/crisolfm\/por-fin-las-calderas-de-carbon-estaran-prohibidas-en-madrid-en-dos-anos\/\"> [&#8230;]<\/a><\/p>\n","protected":false},"author":64,"featured_media":26921,"comment_status":"closed","ping_status":"closed","sticky":false,"template":"","format":"standard","meta":{"footnotes":""},"categories":[7],"tags":[],"class_list":["post-26920","post","type-post","status-publish","format-standard","has-post-thumbnail","hentry","category-ecologicas"],"_links":{"self":[{"href":"https:\/\/sertv.gob.pa\/crisolfm\/wp-json\/wp\/v2\/posts\/26920","targetHints":{"allow":["GET"]}}],"collection":[{"href":"https:\/\/sertv.gob.pa\/crisolfm\/wp-json\/wp\/v2\/posts"}],"about":[{"href":"https:\/\/sertv.gob.pa\/crisolfm\/wp-json\/wp\/v2\/types\/post"}],"author":[{"embeddable":true,"href":"https:\/\/sertv.gob.pa\/crisolfm\/wp-json\/wp\/v2\/users\/64"}],"replies":[{"embeddable":true,"href":"https:\/\/sertv.gob.pa\/crisolfm\/wp-json\/wp\/v2\/comments?post=26920"}],"version-history":[{"count":1,"href":"https:\/\/sertv.gob.pa\/crisolfm\/wp-json\/wp\/v2\/posts\/26920\/revisions"}],"predecessor-version":[{"id":26922,"href":"https:\/\/sertv.gob.pa\/crisolfm\/wp-json\/wp\/v2\/posts\/26920\/revisions\/26922"}],"wp:featuredmedia":[{"embeddable":true,"href":"https:\/\/sertv.gob.pa\/crisolfm\/wp-json\/wp\/v2\/media\/26921"}],"wp:attachment":[{"href":"https:\/\/sertv.gob.pa\/crisolfm\/wp-json\/wp\/v2\/media?parent=26920"}],"wp:term":[{"taxonomy":"category","embeddable":true,"href":"https:\/\/sertv.gob.pa\/crisolfm\/wp-json\/wp\/v2\/categories?post=26920"},{"taxonomy":"post_tag","embeddable":true,"href":"https:\/\/sertv.gob.pa\/crisolfm\/wp-json\/wp\/v2\/tags?post=26920"}],"curies":[{"name":"wp","href":"https:\/\/api.w.org\/{rel}","templated":true}]}}