{"id":26927,"date":"2020-02-27T18:32:00","date_gmt":"2020-02-27T18:32:00","guid":{"rendered":"https:\/\/sertv.gob.pa\/crisolfm\/?p=26927"},"modified":"2020-02-27T18:32:00","modified_gmt":"2020-02-27T18:32:00","slug":"micultura-reconoce-legado-de-maestra-pianista-emily-butcher","status":"publish","type":"post","link":"https:\/\/sertv.gob.pa\/crisolfm\/micultura-reconoce-legado-de-maestra-pianista-emily-butcher\/","title":{"rendered":"MiCultura reconoce legado de maestra pianista Emily Butcher"},"content":{"rendered":"<p>El Ministerio de Cultura se une a la celebraci\u00f3n y reconocimiento de la destacada educadora musical Emily Butcher, quien cumple 104 a\u00f1os de edad.\u00a0Butcher, pianista y maestra por vocaci\u00f3n, es una figura importante en el c\u00edrculo del grupo afro antillano en Panam\u00e1.<\/p>\n<p>En la actualidad, en Panam\u00e1 se realiza un concurso de piano que lleva su nombre, adem\u00e1s de ser parte activa de la historia del Museo Afro Antillano, por su loable labor al servicio de la educaci\u00f3n musical paname\u00f1a durante d\u00e9cadas.<\/p>\n<p>Eliette Apolayo, Sub Directora Nacional de Educaci\u00f3n Art\u00edstica de MiCultura, ponder\u00f3 las cualidades humanistas, art\u00edsticas, profesionales de la profesora Emily, una paname\u00f1a digna de todos los tributos y elogios por parte del sector cultural de todo el pa\u00eds.<\/p>\n<p>Recientemente, un grupo de colegas y amigos se reunieron con ella para celebrar la vida y lo que tanto tanto le gusta: la m\u00fasica.<\/p>\n<p>&nbsp;<\/p>\n","protected":false},"excerpt":{"rendered":"<p>El Ministerio de Cultura se une a la celebraci\u00f3n y <a href=\"https:\/\/sertv.gob.pa\/crisolfm\/micultura-reconoce-legado-de-maestra-pianista-emily-butcher\/\"> [&#8230;]<\/a><\/p>\n","protected":false},"author":64,"featured_media":26928,"comment_status":"closed","ping_status":"closed","sticky":false,"template":"","format":"standard","meta":{"footnotes":""},"categories":[6],"tags":[],"class_list":["post-26927","post","type-post","status-publish","format-standard","has-post-thumbnail","hentry","category-culturales"],"_links":{"self":[{"href":"https:\/\/sertv.gob.pa\/crisolfm\/wp-json\/wp\/v2\/posts\/26927","targetHints":{"allow":["GET"]}}],"collection":[{"href":"https:\/\/sertv.gob.pa\/crisolfm\/wp-json\/wp\/v2\/posts"}],"about":[{"href":"https:\/\/sertv.gob.pa\/crisolfm\/wp-json\/wp\/v2\/types\/post"}],"author":[{"embeddable":true,"href":"https:\/\/sertv.gob.pa\/crisolfm\/wp-json\/wp\/v2\/users\/64"}],"replies":[{"embeddable":true,"href":"https:\/\/sertv.gob.pa\/crisolfm\/wp-json\/wp\/v2\/comments?post=26927"}],"version-history":[{"count":1,"href":"https:\/\/sertv.gob.pa\/crisolfm\/wp-json\/wp\/v2\/posts\/26927\/revisions"}],"predecessor-version":[{"id":26929,"href":"https:\/\/sertv.gob.pa\/crisolfm\/wp-json\/wp\/v2\/posts\/26927\/revisions\/26929"}],"wp:featuredmedia":[{"embeddable":true,"href":"https:\/\/sertv.gob.pa\/crisolfm\/wp-json\/wp\/v2\/media\/26928"}],"wp:attachment":[{"href":"https:\/\/sertv.gob.pa\/crisolfm\/wp-json\/wp\/v2\/media?parent=26927"}],"wp:term":[{"taxonomy":"category","embeddable":true,"href":"https:\/\/sertv.gob.pa\/crisolfm\/wp-json\/wp\/v2\/categories?post=26927"},{"taxonomy":"post_tag","embeddable":true,"href":"https:\/\/sertv.gob.pa\/crisolfm\/wp-json\/wp\/v2\/tags?post=26927"}],"curies":[{"name":"wp","href":"https:\/\/api.w.org\/{rel}","templated":true}]}}