{"id":26930,"date":"2020-02-27T19:17:10","date_gmt":"2020-02-27T19:17:10","guid":{"rendered":"https:\/\/sertv.gob.pa\/crisolfm\/?p=26930"},"modified":"2020-02-27T19:17:10","modified_gmt":"2020-02-27T19:17:10","slug":"micultura-participa-en-elaboracion-de-estrategia-iberoamericana-de-cultura-y-desarrollo","status":"publish","type":"post","link":"https:\/\/sertv.gob.pa\/crisolfm\/micultura-participa-en-elaboracion-de-estrategia-iberoamericana-de-cultura-y-desarrollo\/","title":{"rendered":"MiCultura participa en elaboraci\u00f3n de estrategia iberoamericana de cultura y desarrollo"},"content":{"rendered":"<p>Una representaci\u00f3n del Ministerio de Cultura de Panam\u00e1 participa en Madrid, Espa\u00f1a, de la primera reuni\u00f3n del grupo de trabajo que elaborar\u00e1 la Estrategia Iberoamericana de Cultura y Desarrollo promovida por la Secretar\u00eda General Iberoamericana (SEGIB), en coordinaci\u00f3n con la Organizaci\u00f3n de Estados Iberoamericanos (OEI).<\/p>\n<p>Rebeca Grynspan, economista, ex vicepresidenta de Costa Rica y actual Secretaria General Iberoamericana, presidi\u00f3 el encuentro con delegaciones de pa\u00edses miembros de la OEI.<\/p>\n<p>Para reforzar el aporte de la cultura de la regi\u00f3n a la Agenda 2030, las ministras y ministros de los pa\u00edses de la regi\u00f3n encomendaron a la SEGIB que, en coordinaci\u00f3n con la OEI, dise\u00f1e y ponga en marcha la Estrategia Iberoamericana de Cultura y Desarrollo.<\/p>\n<p>Alexandra Schjelderup, Directora de Asuntos Culturales Internacionales del ministerio, explic\u00f3 que este tipo de encuentros buscan, que a trav\u00e9s de pol\u00edticas p\u00fablicas al alcance de la poblaci\u00f3n, se logren importantes transformaciones para atender los temas de diversidad cultural, patrimonio cultural, accesibilidad e igualdad de g\u00e9nero, que nos permitan construir sociedades m\u00e1s justas y equitativas para ejercer en propiedad nuestros derechos culturales como derechos humanos.<\/p>\n<p>Esta reuni\u00f3n internacional es de seguimiento a lo acordado en el marco de la XX Conferencia Iberoamericana de Ministras y Ministros de Cultura, celebrada el a\u00f1o pasado en Colombia, en donde ministros y ministras de cultura de los pa\u00edses iberoamericanos acordaron aunar esfuerzos e implementar acciones para que la cultura y la econom\u00eda creativa hagan un aporte decisivo a la Agenda 2030 para el Desarrollo Sostenible de las Naciones Unidas.<\/p>\n<p>La pr\u00f3xima Cumbre Iberoamericana de Jefes de Estado y de Gobierno tendr\u00e1 lugar en Andorra en noviembre de este a\u00f1o y tendr\u00e1 como eje tem\u00e1tico \u201cInnovaci\u00f3n para el desarrollo sostenible \u2013 Objetivo 2030\u201d.<\/p>\n<p>&nbsp;<\/p>\n","protected":false},"excerpt":{"rendered":"<p>Una representaci\u00f3n del Ministerio de Cultura de Panam\u00e1 participa en <a href=\"https:\/\/sertv.gob.pa\/crisolfm\/micultura-participa-en-elaboracion-de-estrategia-iberoamericana-de-cultura-y-desarrollo\/\"> [&#8230;]<\/a><\/p>\n","protected":false},"author":64,"featured_media":26931,"comment_status":"closed","ping_status":"closed","sticky":false,"template":"","format":"standard","meta":{"footnotes":""},"categories":[6],"tags":[],"class_list":["post-26930","post","type-post","status-publish","format-standard","has-post-thumbnail","hentry","category-culturales"],"_links":{"self":[{"href":"https:\/\/sertv.gob.pa\/crisolfm\/wp-json\/wp\/v2\/posts\/26930","targetHints":{"allow":["GET"]}}],"collection":[{"href":"https:\/\/sertv.gob.pa\/crisolfm\/wp-json\/wp\/v2\/posts"}],"about":[{"href":"https:\/\/sertv.gob.pa\/crisolfm\/wp-json\/wp\/v2\/types\/post"}],"author":[{"embeddable":true,"href":"https:\/\/sertv.gob.pa\/crisolfm\/wp-json\/wp\/v2\/users\/64"}],"replies":[{"embeddable":true,"href":"https:\/\/sertv.gob.pa\/crisolfm\/wp-json\/wp\/v2\/comments?post=26930"}],"version-history":[{"count":1,"href":"https:\/\/sertv.gob.pa\/crisolfm\/wp-json\/wp\/v2\/posts\/26930\/revisions"}],"predecessor-version":[{"id":26932,"href":"https:\/\/sertv.gob.pa\/crisolfm\/wp-json\/wp\/v2\/posts\/26930\/revisions\/26932"}],"wp:featuredmedia":[{"embeddable":true,"href":"https:\/\/sertv.gob.pa\/crisolfm\/wp-json\/wp\/v2\/media\/26931"}],"wp:attachment":[{"href":"https:\/\/sertv.gob.pa\/crisolfm\/wp-json\/wp\/v2\/media?parent=26930"}],"wp:term":[{"taxonomy":"category","embeddable":true,"href":"https:\/\/sertv.gob.pa\/crisolfm\/wp-json\/wp\/v2\/categories?post=26930"},{"taxonomy":"post_tag","embeddable":true,"href":"https:\/\/sertv.gob.pa\/crisolfm\/wp-json\/wp\/v2\/tags?post=26930"}],"curies":[{"name":"wp","href":"https:\/\/api.w.org\/{rel}","templated":true}]}}