{"id":26935,"date":"2020-02-28T13:22:20","date_gmt":"2020-02-28T13:22:20","guid":{"rendered":"https:\/\/sertv.gob.pa\/crisolfm\/?p=26935"},"modified":"2020-02-28T13:22:20","modified_gmt":"2020-02-28T13:22:20","slug":"subastaran-un-amplio-archivo-de-pablo-neruda","status":"publish","type":"post","link":"https:\/\/sertv.gob.pa\/crisolfm\/subastaran-un-amplio-archivo-de-pablo-neruda\/","title":{"rendered":"Subastar\u00e1n un amplio archivo de Pablo Neruda"},"content":{"rendered":"<p>Una galer\u00eda espa\u00f1ola subastar\u00e1 en marzo m\u00e1s de 600 piezas sobre el poeta <a href=\"https:\/\/www.prensa.com\/tema\/pablo-neruda\/\" target=\"_blank\" rel=\"noopener\">Pablo Neruda<\/a>, entre manuscritos, objetos personales y libros dedicados a Garc\u00eda M\u00e1rquez o Allende, coleccionados durante m\u00e1s de 25 a\u00f1os por un bodeguero apasionado del Nobel chileno.<\/p>\n<p>\u201cMe daba pena tenerla en casa solo pudi\u00e9ndolo ense\u00f1ar a dos o tres amigos. Creo que debe estar en un sitio que se pueda compartir con el resto de personas\u201d, dijo su propietario Santiago Vivancoen la casa de subastas La Suite en Barcelona.<\/p>\n<p>La puja ser\u00e1 el 19 de marzo y partir\u00e1 con un precio de 650 mil euros (unos 712 mil 600 d\u00f3lares). Todas las piezas se vender\u00e1n en un \u00fanico lote por deseo del propietario. \u201cEsta colecci\u00f3n me ha costado mucho tiempo y econ\u00f3micamente conseguirla. No quer\u00eda que se perdiese y se dispersase en 600 lotes\u201d, explic\u00f3 Vivanco.<\/p>\n<p>Entre las piezas destacan numerosas primeras ediciones de obras de Neruda, fotograf\u00edas, caligramas y correspondencia, libros de artista con ilustraciones de Diego Rivera, Pablo Picasso o Joan Mir\u00f3 o ejemplares con dedicatorias al expresidente chileno Salvador Allende o los Nobeles Miguel \u00c1ngel Asturias o Gabriel Garc\u00eda M\u00e1rquez.<\/p>\n<p>\u201cQuerido M\u00e1rquez, amigo, con mis felicitaciones por este \u2018hallazgo\u2019 de hace casi 50 a\u00f1os y que ni yo tengo\u201d, le escribe el chileno al colombiano en el ejemplar dedicado, una primera edici\u00f3n de una de sus obras m\u00e1s conocidas, <strong>Veinte poemas de amor y una canci\u00f3n desesperada.<\/strong><\/p>\n<p>La colecci\u00f3n surge de la pasi\u00f3n por Neruda de este empresario de una hist\u00f3rica familia de bodegueros de La Rioja (Espa\u00f1a), nacido en el a\u00f1o de la muerte del poeta chileno, en 1973.<\/p>\n<p>AFP<\/p>\n","protected":false},"excerpt":{"rendered":"<p>Una galer\u00eda espa\u00f1ola subastar\u00e1 en marzo m\u00e1s de 600 piezas <a href=\"https:\/\/sertv.gob.pa\/crisolfm\/subastaran-un-amplio-archivo-de-pablo-neruda\/\"> [&#8230;]<\/a><\/p>\n","protected":false},"author":64,"featured_media":26936,"comment_status":"closed","ping_status":"closed","sticky":false,"template":"","format":"standard","meta":{"footnotes":""},"categories":[6],"tags":[],"class_list":["post-26935","post","type-post","status-publish","format-standard","has-post-thumbnail","hentry","category-culturales"],"_links":{"self":[{"href":"https:\/\/sertv.gob.pa\/crisolfm\/wp-json\/wp\/v2\/posts\/26935","targetHints":{"allow":["GET"]}}],"collection":[{"href":"https:\/\/sertv.gob.pa\/crisolfm\/wp-json\/wp\/v2\/posts"}],"about":[{"href":"https:\/\/sertv.gob.pa\/crisolfm\/wp-json\/wp\/v2\/types\/post"}],"author":[{"embeddable":true,"href":"https:\/\/sertv.gob.pa\/crisolfm\/wp-json\/wp\/v2\/users\/64"}],"replies":[{"embeddable":true,"href":"https:\/\/sertv.gob.pa\/crisolfm\/wp-json\/wp\/v2\/comments?post=26935"}],"version-history":[{"count":1,"href":"https:\/\/sertv.gob.pa\/crisolfm\/wp-json\/wp\/v2\/posts\/26935\/revisions"}],"predecessor-version":[{"id":26937,"href":"https:\/\/sertv.gob.pa\/crisolfm\/wp-json\/wp\/v2\/posts\/26935\/revisions\/26937"}],"wp:featuredmedia":[{"embeddable":true,"href":"https:\/\/sertv.gob.pa\/crisolfm\/wp-json\/wp\/v2\/media\/26936"}],"wp:attachment":[{"href":"https:\/\/sertv.gob.pa\/crisolfm\/wp-json\/wp\/v2\/media?parent=26935"}],"wp:term":[{"taxonomy":"category","embeddable":true,"href":"https:\/\/sertv.gob.pa\/crisolfm\/wp-json\/wp\/v2\/categories?post=26935"},{"taxonomy":"post_tag","embeddable":true,"href":"https:\/\/sertv.gob.pa\/crisolfm\/wp-json\/wp\/v2\/tags?post=26935"}],"curies":[{"name":"wp","href":"https:\/\/api.w.org\/{rel}","templated":true}]}}