{"id":26938,"date":"2020-02-28T13:32:55","date_gmt":"2020-02-28T13:32:55","guid":{"rendered":"https:\/\/sertv.gob.pa\/crisolfm\/?p=26938"},"modified":"2020-02-28T13:32:55","modified_gmt":"2020-02-28T13:32:55","slug":"evolucion-del-kimono-a-traves-de-los-siglos","status":"publish","type":"post","link":"https:\/\/sertv.gob.pa\/crisolfm\/evolucion-del-kimono-a-traves-de-los-siglos\/","title":{"rendered":"Evoluci\u00f3n del kimono a trav\u00e9s de los siglos"},"content":{"rendered":"<p>Dise\u00f1adores como<strong> Yves Saint Laurent <\/strong>y <strong>Jean Paul Gaultier<\/strong>, m\u00fasicos como Madonna y Freddie Mercury o cineastas como George Lucas sucumbieron a la fascinaci\u00f3n del kimono, una prenda que lejos de su imagen tradicional no ha dejado de evolucionar desde el Jap\u00f3n medieval.<\/p>\n<p>Lo han vestido en sus diferentes versiones desde el caballero jedi Obi-Wan Kenobi en <strong>Star Wars<\/strong>, hasta el iconoclasta David Bowie cuando encarnaba a su futurista alter ego Ziggy Stardust.<\/p>\n<p>\u201cCreo que es su fluidez lo que lo convierte en una fuente de inspiraci\u00f3n ic\u00f3nica\u201d, dice Anna Jackson, comisaria de la exposici\u00f3n \u201cKimono, de Kioto a la pasarela\u201d que el londinense Victoria and Albert Museum abre ma\u00f1ana.<\/p>\n<p>\u201cCuando pensamos en moda, el kimono puede que no sea lo primero que viene a la mente\u201d, reconoce el director del museo, Tristram Hunt. Sin embargo, \u201csiempre ha sido una prenda muy din\u00e1mica\u201d y la exhibici\u00f3n, que se podr\u00e1 visitar hasta el 21 de junio, pretende cambiar su percepci\u00f3n, afirma.<\/p>\n<p>Un tr\u00edptico formado por una prenda de 1800, otra moderna del dise\u00f1ador japon\u00e9s Jotaro Saito y una tercera de 2007 del creador brit\u00e1nico John Galliano para Dior \u201cmuestra c\u00f3mo se ha llevado la moda del kimono m\u00e1s all\u00e1 de los l\u00edmites culturales y geogr\u00e1ficos\u201d.<\/p>\n<p>Desde la pieza m\u00e1s antigua, fechada en torno a 1660-80, con sobrias hojas de arce bordadas sobre motivos de agua, hasta la m\u00e1s moderna, un largo abrigo acolchado con capucha creado en 2019 por la joven dise\u00f1adora Milligan Beaumont al mejor estilo streetwear, m\u00e1s de 100 obras declinan las infinitas personalidades de lo que era inicialmente una sencilla toga.<\/p>\n<p>AFP<\/p>\n","protected":false},"excerpt":{"rendered":"<p>Dise\u00f1adores como Yves Saint Laurent y Jean Paul Gaultier, m\u00fasicos <a href=\"https:\/\/sertv.gob.pa\/crisolfm\/evolucion-del-kimono-a-traves-de-los-siglos\/\"> [&#8230;]<\/a><\/p>\n","protected":false},"author":64,"featured_media":26939,"comment_status":"closed","ping_status":"closed","sticky":false,"template":"","format":"standard","meta":{"footnotes":""},"categories":[6],"tags":[],"class_list":["post-26938","post","type-post","status-publish","format-standard","has-post-thumbnail","hentry","category-culturales"],"_links":{"self":[{"href":"https:\/\/sertv.gob.pa\/crisolfm\/wp-json\/wp\/v2\/posts\/26938","targetHints":{"allow":["GET"]}}],"collection":[{"href":"https:\/\/sertv.gob.pa\/crisolfm\/wp-json\/wp\/v2\/posts"}],"about":[{"href":"https:\/\/sertv.gob.pa\/crisolfm\/wp-json\/wp\/v2\/types\/post"}],"author":[{"embeddable":true,"href":"https:\/\/sertv.gob.pa\/crisolfm\/wp-json\/wp\/v2\/users\/64"}],"replies":[{"embeddable":true,"href":"https:\/\/sertv.gob.pa\/crisolfm\/wp-json\/wp\/v2\/comments?post=26938"}],"version-history":[{"count":1,"href":"https:\/\/sertv.gob.pa\/crisolfm\/wp-json\/wp\/v2\/posts\/26938\/revisions"}],"predecessor-version":[{"id":26940,"href":"https:\/\/sertv.gob.pa\/crisolfm\/wp-json\/wp\/v2\/posts\/26938\/revisions\/26940"}],"wp:featuredmedia":[{"embeddable":true,"href":"https:\/\/sertv.gob.pa\/crisolfm\/wp-json\/wp\/v2\/media\/26939"}],"wp:attachment":[{"href":"https:\/\/sertv.gob.pa\/crisolfm\/wp-json\/wp\/v2\/media?parent=26938"}],"wp:term":[{"taxonomy":"category","embeddable":true,"href":"https:\/\/sertv.gob.pa\/crisolfm\/wp-json\/wp\/v2\/categories?post=26938"},{"taxonomy":"post_tag","embeddable":true,"href":"https:\/\/sertv.gob.pa\/crisolfm\/wp-json\/wp\/v2\/tags?post=26938"}],"curies":[{"name":"wp","href":"https:\/\/api.w.org\/{rel}","templated":true}]}}