{"id":26941,"date":"2020-02-28T13:45:03","date_gmt":"2020-02-28T13:45:03","guid":{"rendered":"https:\/\/sertv.gob.pa\/crisolfm\/?p=26941"},"modified":"2020-02-28T13:45:03","modified_gmt":"2020-02-28T13:45:03","slug":"alcalde-jose-luis-fabrega-organiza-desfile-de-reinas-del-carnaval-en-la-cinta-costera","status":"publish","type":"post","link":"https:\/\/sertv.gob.pa\/crisolfm\/alcalde-jose-luis-fabrega-organiza-desfile-de-reinas-del-carnaval-en-la-cinta-costera\/","title":{"rendered":"Alcalde, Jos\u00e9 Luis F\u00e1brega, organiza desfile de reinas del Carnaval en la cinta costera"},"content":{"rendered":"<p>E<a href=\"https:\/\/www.prensa.com\/tema\/jos-luis-f-brega\/\" target=\"_blank\" rel=\"noopener\">l alcalde de Panam\u00e1, Jos\u00e9 Luis F\u00e1brega<\/a>, organiza para este 22 de marzo el <strong>\u201cFestival de las reinas del Carnaval 2020\u201d<\/strong>, el cual se llevar\u00e1 a cabo en la cinta costera, a partir de las 4:00p.m.<\/p>\n<p>De acuerdo con el Municipio de Panam\u00e1, el prop\u00f3sito del evento es mostrarle a los residentes de la capital y visitantes como se desarroll\u00f3 el Carnaval en el interior del pa\u00eds este a\u00f1o.<\/p>\n<p>En la actividad, cuyo costo no fue revelado, participar\u00e1n las reinas de las tunas de calle Arriba y Abajo de 9 regiones del pa\u00eds.<\/p>\n<p>Durante el evento se dar\u00e1 a reconocer el trabajo art\u00edstico de dise\u00f1adores paname\u00f1os, quienes expondr\u00e1n sus m\u00e1ximas creaciones, solo vistas durante los 4 d\u00edas del Carnaval.<\/p>\n<p>Estar\u00e1n presentes las tunas de calle arriba y calle abajo de Las Tablas, Chitr\u00e9, Tonos\u00ed, Pedas\u00ed, La Villa, Aguadulce, Parita, Capira y las reinas de la ciudad de Panam\u00e1 y de la Alcald\u00eda de Panam\u00e1.<\/p>\n<p>&nbsp;<\/p>\n","protected":false},"excerpt":{"rendered":"<p>El alcalde de Panam\u00e1, Jos\u00e9 Luis F\u00e1brega, organiza para este <a href=\"https:\/\/sertv.gob.pa\/crisolfm\/alcalde-jose-luis-fabrega-organiza-desfile-de-reinas-del-carnaval-en-la-cinta-costera\/\"> [&#8230;]<\/a><\/p>\n","protected":false},"author":64,"featured_media":26942,"comment_status":"closed","ping_status":"closed","sticky":false,"template":"","format":"standard","meta":{"footnotes":""},"categories":[6],"tags":[],"class_list":["post-26941","post","type-post","status-publish","format-standard","has-post-thumbnail","hentry","category-culturales"],"_links":{"self":[{"href":"https:\/\/sertv.gob.pa\/crisolfm\/wp-json\/wp\/v2\/posts\/26941","targetHints":{"allow":["GET"]}}],"collection":[{"href":"https:\/\/sertv.gob.pa\/crisolfm\/wp-json\/wp\/v2\/posts"}],"about":[{"href":"https:\/\/sertv.gob.pa\/crisolfm\/wp-json\/wp\/v2\/types\/post"}],"author":[{"embeddable":true,"href":"https:\/\/sertv.gob.pa\/crisolfm\/wp-json\/wp\/v2\/users\/64"}],"replies":[{"embeddable":true,"href":"https:\/\/sertv.gob.pa\/crisolfm\/wp-json\/wp\/v2\/comments?post=26941"}],"version-history":[{"count":1,"href":"https:\/\/sertv.gob.pa\/crisolfm\/wp-json\/wp\/v2\/posts\/26941\/revisions"}],"predecessor-version":[{"id":26943,"href":"https:\/\/sertv.gob.pa\/crisolfm\/wp-json\/wp\/v2\/posts\/26941\/revisions\/26943"}],"wp:featuredmedia":[{"embeddable":true,"href":"https:\/\/sertv.gob.pa\/crisolfm\/wp-json\/wp\/v2\/media\/26942"}],"wp:attachment":[{"href":"https:\/\/sertv.gob.pa\/crisolfm\/wp-json\/wp\/v2\/media?parent=26941"}],"wp:term":[{"taxonomy":"category","embeddable":true,"href":"https:\/\/sertv.gob.pa\/crisolfm\/wp-json\/wp\/v2\/categories?post=26941"},{"taxonomy":"post_tag","embeddable":true,"href":"https:\/\/sertv.gob.pa\/crisolfm\/wp-json\/wp\/v2\/tags?post=26941"}],"curies":[{"name":"wp","href":"https:\/\/api.w.org\/{rel}","templated":true}]}}