{"id":26959,"date":"2020-02-28T14:41:27","date_gmt":"2020-02-28T14:41:27","guid":{"rendered":"https:\/\/sertv.gob.pa\/crisolfm\/?p=26959"},"modified":"2020-02-28T14:41:27","modified_gmt":"2020-02-28T14:41:27","slug":"macro-operacion-contra-el-trafico-ilegal-de-maderas-protegidas-desde-brasil-y-africa","status":"publish","type":"post","link":"https:\/\/sertv.gob.pa\/crisolfm\/macro-operacion-contra-el-trafico-ilegal-de-maderas-protegidas-desde-brasil-y-africa\/","title":{"rendered":"Macro operaci\u00f3n contra el tr\u00e1fico ilegal de maderas protegidas desde Brasil y \u00c1frica"},"content":{"rendered":"<p>Un total de 71 personas han sido detenidas o est\u00e1n en investigaci\u00f3n en varias comunidades aut\u00f3nomas por delitos relacionados con el <strong>tr\u00e1fico ilegal de maderas de especies protegidas<\/strong>, por falsedad documental o contrabando en el marco de la Operaci\u00f3n &#8216;Quercus&#8217;, desarrollada desde finales de 2019 contra el tr\u00e1fico ilegal de especies de maderas protegidas, en su mayor\u00eda procedentes de Brasil y \u00c1frica central. Se trata de la primera operaci\u00f3n de estas caracter\u00edsticas que se realiza en Espa\u00f1a, mediante la coordinaci\u00f3n de autoridades nacionales y auton\u00f3micas.<\/p>\n<p>El Ministerio para la Transici\u00f3n Ecol\u00f3gica y Reto Demogr\u00e1fico defiende que en su evoluci\u00f3n ha sido \u00abfundamental\u00bb una herramienta desarrollada en colaboraci\u00f3n con la Escuela T\u00e9cnica Superior de Ingenier\u00eda de Montes, Forestal y Medio Natural de la Universidad Polit\u00e9cnica de Madrid, que ha permitido a los agentes del SEPRONA detectar <strong>las maderas comerciadas ilegalmente<\/strong> in situ y que permite generar una alerta temprana para inmovilizar as\u00ed una posible mercanc\u00eda de origen ilegal.<\/p>\n<p>En el marco de la operaci\u00f3n Quercus, se realizaron 608 actuaciones en varios comercios e instalaciones dedicados a importar y exportar maderas, a la fabricaci\u00f3n de muebles, distribuci\u00f3n de parquets, fabricaci\u00f3n de instrumentos musicales o palets de madera.<\/p>\n<p>En total se han interpuesto 303 denuncias por distintas infracciones. De estas, 215 eran infracciones relativas a <strong>comercializaci\u00f3n de maderas<\/strong>. De ellas, 76 se debieron a que no se hab\u00eda presentado la declaraci\u00f3n responsable a la que est\u00e1n obligados todos los importadores de madera y otras 82 carec\u00edan de un sistema de diligencia debida para analizar y minimizar las oportunidades de importar madera ilegal.<\/p>\n<p>ECOticias<\/p>\n","protected":false},"excerpt":{"rendered":"<p>Un total de 71 personas han sido detenidas o est\u00e1n <a href=\"https:\/\/sertv.gob.pa\/crisolfm\/macro-operacion-contra-el-trafico-ilegal-de-maderas-protegidas-desde-brasil-y-africa\/\"> [&#8230;]<\/a><\/p>\n","protected":false},"author":64,"featured_media":26960,"comment_status":"closed","ping_status":"closed","sticky":false,"template":"","format":"standard","meta":{"footnotes":""},"categories":[7],"tags":[],"class_list":["post-26959","post","type-post","status-publish","format-standard","has-post-thumbnail","hentry","category-ecologicas"],"_links":{"self":[{"href":"https:\/\/sertv.gob.pa\/crisolfm\/wp-json\/wp\/v2\/posts\/26959","targetHints":{"allow":["GET"]}}],"collection":[{"href":"https:\/\/sertv.gob.pa\/crisolfm\/wp-json\/wp\/v2\/posts"}],"about":[{"href":"https:\/\/sertv.gob.pa\/crisolfm\/wp-json\/wp\/v2\/types\/post"}],"author":[{"embeddable":true,"href":"https:\/\/sertv.gob.pa\/crisolfm\/wp-json\/wp\/v2\/users\/64"}],"replies":[{"embeddable":true,"href":"https:\/\/sertv.gob.pa\/crisolfm\/wp-json\/wp\/v2\/comments?post=26959"}],"version-history":[{"count":1,"href":"https:\/\/sertv.gob.pa\/crisolfm\/wp-json\/wp\/v2\/posts\/26959\/revisions"}],"predecessor-version":[{"id":26961,"href":"https:\/\/sertv.gob.pa\/crisolfm\/wp-json\/wp\/v2\/posts\/26959\/revisions\/26961"}],"wp:featuredmedia":[{"embeddable":true,"href":"https:\/\/sertv.gob.pa\/crisolfm\/wp-json\/wp\/v2\/media\/26960"}],"wp:attachment":[{"href":"https:\/\/sertv.gob.pa\/crisolfm\/wp-json\/wp\/v2\/media?parent=26959"}],"wp:term":[{"taxonomy":"category","embeddable":true,"href":"https:\/\/sertv.gob.pa\/crisolfm\/wp-json\/wp\/v2\/categories?post=26959"},{"taxonomy":"post_tag","embeddable":true,"href":"https:\/\/sertv.gob.pa\/crisolfm\/wp-json\/wp\/v2\/tags?post=26959"}],"curies":[{"name":"wp","href":"https:\/\/api.w.org\/{rel}","templated":true}]}}