{"id":26991,"date":"2020-03-02T13:49:13","date_gmt":"2020-03-02T13:49:13","guid":{"rendered":"https:\/\/sertv.gob.pa\/crisolfm\/?p=26991"},"modified":"2020-03-02T13:49:13","modified_gmt":"2020-03-02T13:49:13","slug":"muere-poeta-revolucionario-y-sacerdote-nicaraguense-ernesto-cardenal","status":"publish","type":"post","link":"https:\/\/sertv.gob.pa\/crisolfm\/muere-poeta-revolucionario-y-sacerdote-nicaraguense-ernesto-cardenal\/","title":{"rendered":"Muere poeta revolucionario y sacerdote nicarag\u00fcense Ernesto Cardenal"},"content":{"rendered":"<p>El poeta y sacerdote nicarag\u00fcense<strong> Ernesto Cardenal<\/strong> muri\u00f3 este domingo a los 95 a\u00f1os a causa de un paro card\u00edaco, tras ser hospitalizado por cansancio y problemas respiratorios derivados de una descompensaci\u00f3n generalizada, inform\u00f3 su asistente.<\/p>\n<p>\u201cMuri\u00f3 hoy, se nos fue en paz absoluta, no sufri\u00f3 dolor\u201d, confirm\u00f3 a la<strong> AFP <\/strong>Luz Marina Acosta, asistente desde hace m\u00e1s de 40 a\u00f1os de Cardenal, reconocido representante de la teolog\u00eda de la liberaci\u00f3n y protagonista de la revoluci\u00f3n sandinista.<\/p>\n<p>Cardenal hab\u00eda sido ingresado hace dos d\u00edas al hospital con dificultades para respirar, y el s\u00e1bado sus \u00f3rganos comenzaron a fallar poco a poco, dijo su asistente.<\/p>\n<p>El c\u00e9lebre escritor de obras como <strong>Hora Cero, El Evangelio de Solentiname <\/strong>y<strong> Oraci\u00f3n por Marilyn Monroe y otros poemas<\/strong>, hab\u00eda celebrado 95 a\u00f1os el 25 de enero, rodeado de su familia, con buena salud e inmerso en la creaci\u00f3n de nuevas obras.<\/p>\n<p>\u00abMuri\u00f3 como un pajarito, se apag\u00f3 poco a poco\u00bb, coment\u00f3 Acosta, quien confi\u00f3 que el poeta dijo estar \u00ablisto\u00bb a las personas que estuvieron junto a \u00e9l el s\u00e1bado, antes de quedar inconsciente.<\/p>\n<p>Poco despu\u00e9s de su fallecimiento, el gobierno de Daniel Ortega decret\u00f3 tres d\u00edas de duelo nacional y anunci\u00f3 que \u00abse sumar\u00e1 a las ceremonias de gratitud y despedida de este hermano nicarag\u00fcense\u00bb que hizo grandes aportes a la cultura.<\/p>\n<p>Fue un hombre \u00abbendecido con dones y merecimientos que han puesto en alto el nombre de Nicaragua, y su propio nombre, desde sus aportes a la cultura universal y a la liberaci\u00f3n\u00bb de Nicaragua, destac\u00f3 el gobierno en una carta firmada por Ortega y su esposa, la vicepresidenta Rosario Murillo.<\/p>\n<p>Ortega y Cardenal fueron compa\u00f1eros durante la lucha guerrillera del Frente Sandinista contra la dictadura somocista.<\/p>\n<p>Luego, Cardenal se distanci\u00f3 del l\u00edder sandinista por diferencias sobre la conducci\u00f3n pol\u00edtica.<\/p>\n<p>AFP<\/p>\n","protected":false},"excerpt":{"rendered":"<p>El poeta y sacerdote nicarag\u00fcense Ernesto Cardenal muri\u00f3 este domingo <a href=\"https:\/\/sertv.gob.pa\/crisolfm\/muere-poeta-revolucionario-y-sacerdote-nicaraguense-ernesto-cardenal\/\"> [&#8230;]<\/a><\/p>\n","protected":false},"author":64,"featured_media":26992,"comment_status":"closed","ping_status":"closed","sticky":false,"template":"","format":"standard","meta":{"footnotes":""},"categories":[6],"tags":[],"class_list":["post-26991","post","type-post","status-publish","format-standard","has-post-thumbnail","hentry","category-culturales"],"_links":{"self":[{"href":"https:\/\/sertv.gob.pa\/crisolfm\/wp-json\/wp\/v2\/posts\/26991","targetHints":{"allow":["GET"]}}],"collection":[{"href":"https:\/\/sertv.gob.pa\/crisolfm\/wp-json\/wp\/v2\/posts"}],"about":[{"href":"https:\/\/sertv.gob.pa\/crisolfm\/wp-json\/wp\/v2\/types\/post"}],"author":[{"embeddable":true,"href":"https:\/\/sertv.gob.pa\/crisolfm\/wp-json\/wp\/v2\/users\/64"}],"replies":[{"embeddable":true,"href":"https:\/\/sertv.gob.pa\/crisolfm\/wp-json\/wp\/v2\/comments?post=26991"}],"version-history":[{"count":1,"href":"https:\/\/sertv.gob.pa\/crisolfm\/wp-json\/wp\/v2\/posts\/26991\/revisions"}],"predecessor-version":[{"id":26993,"href":"https:\/\/sertv.gob.pa\/crisolfm\/wp-json\/wp\/v2\/posts\/26991\/revisions\/26993"}],"wp:featuredmedia":[{"embeddable":true,"href":"https:\/\/sertv.gob.pa\/crisolfm\/wp-json\/wp\/v2\/media\/26992"}],"wp:attachment":[{"href":"https:\/\/sertv.gob.pa\/crisolfm\/wp-json\/wp\/v2\/media?parent=26991"}],"wp:term":[{"taxonomy":"category","embeddable":true,"href":"https:\/\/sertv.gob.pa\/crisolfm\/wp-json\/wp\/v2\/categories?post=26991"},{"taxonomy":"post_tag","embeddable":true,"href":"https:\/\/sertv.gob.pa\/crisolfm\/wp-json\/wp\/v2\/tags?post=26991"}],"curies":[{"name":"wp","href":"https:\/\/api.w.org\/{rel}","templated":true}]}}