{"id":26994,"date":"2020-03-02T13:59:39","date_gmt":"2020-03-02T13:59:39","guid":{"rendered":"https:\/\/sertv.gob.pa\/crisolfm\/?p=26994"},"modified":"2020-03-02T13:59:39","modified_gmt":"2020-03-02T13:59:39","slug":"anulacion-de-la-feria-del-libro-de-paris-debido-al-coronavirus","status":"publish","type":"post","link":"https:\/\/sertv.gob.pa\/crisolfm\/anulacion-de-la-feria-del-libro-de-paris-debido-al-coronavirus\/","title":{"rendered":"Anulaci\u00f3n de la Feria del Libro de Par\u00eds debido al coronavirus"},"content":{"rendered":"<p>La Feria del Libro de Par\u00eds, que deb\u00eda celebrarse del 20 al 23 de marzo, se ha cancelado debido a los riesgos del nuevo coronavirus, anunci\u00f3 este domingo su presidente Vincent Montagne.<\/p>\n<p>\u00abDespu\u00e9s de la decisi\u00f3n gubernamental de prohibir las concentraciones de m\u00e1s de 5.000 personas en espacios confinados, hemos tomado, con pesar, la decisi\u00f3n de cancelar la edici\u00f3n de 2020\u00bb, escribi\u00f3 en un comunicado.<\/p>\n<p>\u00abNuestro sentido de la responsabilidad nos obliga a no arriesgarnos con la salud de todos aquellos que hacen que Livre Paris sea un \u00e9xito\u00bb, prosigue.<\/p>\n<p>El sal\u00f3n del libro parisino atrae cada a\u00f1o a 160.000 visitantes. El invitado de esta edici\u00f3n era India.<\/p>\n<p>AFP<\/p>\n","protected":false},"excerpt":{"rendered":"<p>La Feria del Libro de Par\u00eds, que deb\u00eda celebrarse del <a href=\"https:\/\/sertv.gob.pa\/crisolfm\/anulacion-de-la-feria-del-libro-de-paris-debido-al-coronavirus\/\"> [&#8230;]<\/a><\/p>\n","protected":false},"author":64,"featured_media":26995,"comment_status":"closed","ping_status":"closed","sticky":false,"template":"","format":"standard","meta":{"footnotes":""},"categories":[6],"tags":[],"class_list":["post-26994","post","type-post","status-publish","format-standard","has-post-thumbnail","hentry","category-culturales"],"_links":{"self":[{"href":"https:\/\/sertv.gob.pa\/crisolfm\/wp-json\/wp\/v2\/posts\/26994","targetHints":{"allow":["GET"]}}],"collection":[{"href":"https:\/\/sertv.gob.pa\/crisolfm\/wp-json\/wp\/v2\/posts"}],"about":[{"href":"https:\/\/sertv.gob.pa\/crisolfm\/wp-json\/wp\/v2\/types\/post"}],"author":[{"embeddable":true,"href":"https:\/\/sertv.gob.pa\/crisolfm\/wp-json\/wp\/v2\/users\/64"}],"replies":[{"embeddable":true,"href":"https:\/\/sertv.gob.pa\/crisolfm\/wp-json\/wp\/v2\/comments?post=26994"}],"version-history":[{"count":1,"href":"https:\/\/sertv.gob.pa\/crisolfm\/wp-json\/wp\/v2\/posts\/26994\/revisions"}],"predecessor-version":[{"id":26996,"href":"https:\/\/sertv.gob.pa\/crisolfm\/wp-json\/wp\/v2\/posts\/26994\/revisions\/26996"}],"wp:featuredmedia":[{"embeddable":true,"href":"https:\/\/sertv.gob.pa\/crisolfm\/wp-json\/wp\/v2\/media\/26995"}],"wp:attachment":[{"href":"https:\/\/sertv.gob.pa\/crisolfm\/wp-json\/wp\/v2\/media?parent=26994"}],"wp:term":[{"taxonomy":"category","embeddable":true,"href":"https:\/\/sertv.gob.pa\/crisolfm\/wp-json\/wp\/v2\/categories?post=26994"},{"taxonomy":"post_tag","embeddable":true,"href":"https:\/\/sertv.gob.pa\/crisolfm\/wp-json\/wp\/v2\/tags?post=26994"}],"curies":[{"name":"wp","href":"https:\/\/api.w.org\/{rel}","templated":true}]}}