{"id":27012,"date":"2020-03-02T15:01:07","date_gmt":"2020-03-02T15:01:07","guid":{"rendered":"https:\/\/sertv.gob.pa\/crisolfm\/?p=27012"},"modified":"2020-03-02T15:01:07","modified_gmt":"2020-03-02T15:01:07","slug":"hoy-inicia-nuevo-ano-escolar-mas-de-877-mil-estudiantes-regresan-a-las-aulas","status":"publish","type":"post","link":"https:\/\/sertv.gob.pa\/crisolfm\/hoy-inicia-nuevo-ano-escolar-mas-de-877-mil-estudiantes-regresan-a-las-aulas\/","title":{"rendered":"Hoy inicia nuevo a\u00f1o escolar, m\u00e1s de 877 mil estudiantes regresan a las aulas"},"content":{"rendered":"<p style=\"text-align: justify\">En el marco del primer d\u00eda de clases del periodo escolar 2020, el presidente de la Rep\u00fablica, Laurentino \u201cNito\u201d Cortizo, exhort\u00f3 a los estudiantes y maestros paname\u00f1os a esforzarse y aprovechar la oportunidad que trae este nuevo a\u00f1o escolar 2020.<\/p>\n<p style=\"text-align: justify\">Cortizo precis\u00f3 que no descuiden a sus hijos, por m\u00e1s que tengan mucho trabajo, abr\u00e1cenlos y h\u00e1ganle la se\u00f1al de la cruz antes de partir.<\/p>\n<p style=\"text-align: justify\">Agreg\u00f3 que hay que dignificar la profesi\u00f3n del docente, ense\u00f1ando a los estudiantes a pensar y a ponerlos a trabajar en equipo.<\/p>\n<p style=\"text-align: justify\">De acuerdo con la instituci\u00f3n educativa que dirige Maruja Gorday de Villalobos, en materia de infraestructura educativa, el 90% de los centros educativos en el pa\u00eds est\u00e1n listos para el a\u00f1o lectivo 2020, gracias a la asignaci\u00f3n presupuestaria, la disponibilidad y el voluntariado.<\/p>\n<p style=\"text-align: justify\">Se han identificado 52 centros educativos que podr\u00edan provocar inconformidad a la comunidad educativa, de los cuales 39 inician hoy y 13 escuelas en fechas posteriores.<\/p>\n<p style=\"text-align: justify\">Durante el verano, el Ministerio de Educaci\u00f3n (Meduca) capacit\u00f3 a 36,586 docentes en el territorio nacional en 280 temas en las asignaturas de espa\u00f1ol, matem\u00e1ticas, ciencias naturales y ciencias sociales.<\/p>\n<p style=\"text-align: justify\">\n","protected":false},"excerpt":{"rendered":"<p>En el marco del primer d\u00eda de clases del periodo <a href=\"https:\/\/sertv.gob.pa\/crisolfm\/hoy-inicia-nuevo-ano-escolar-mas-de-877-mil-estudiantes-regresan-a-las-aulas\/\"> [&#8230;]<\/a><\/p>\n","protected":false},"author":64,"featured_media":27013,"comment_status":"closed","ping_status":"closed","sticky":false,"template":"","format":"standard","meta":{"footnotes":""},"categories":[6],"tags":[],"class_list":["post-27012","post","type-post","status-publish","format-standard","has-post-thumbnail","hentry","category-culturales"],"_links":{"self":[{"href":"https:\/\/sertv.gob.pa\/crisolfm\/wp-json\/wp\/v2\/posts\/27012","targetHints":{"allow":["GET"]}}],"collection":[{"href":"https:\/\/sertv.gob.pa\/crisolfm\/wp-json\/wp\/v2\/posts"}],"about":[{"href":"https:\/\/sertv.gob.pa\/crisolfm\/wp-json\/wp\/v2\/types\/post"}],"author":[{"embeddable":true,"href":"https:\/\/sertv.gob.pa\/crisolfm\/wp-json\/wp\/v2\/users\/64"}],"replies":[{"embeddable":true,"href":"https:\/\/sertv.gob.pa\/crisolfm\/wp-json\/wp\/v2\/comments?post=27012"}],"version-history":[{"count":1,"href":"https:\/\/sertv.gob.pa\/crisolfm\/wp-json\/wp\/v2\/posts\/27012\/revisions"}],"predecessor-version":[{"id":27014,"href":"https:\/\/sertv.gob.pa\/crisolfm\/wp-json\/wp\/v2\/posts\/27012\/revisions\/27014"}],"wp:featuredmedia":[{"embeddable":true,"href":"https:\/\/sertv.gob.pa\/crisolfm\/wp-json\/wp\/v2\/media\/27013"}],"wp:attachment":[{"href":"https:\/\/sertv.gob.pa\/crisolfm\/wp-json\/wp\/v2\/media?parent=27012"}],"wp:term":[{"taxonomy":"category","embeddable":true,"href":"https:\/\/sertv.gob.pa\/crisolfm\/wp-json\/wp\/v2\/categories?post=27012"},{"taxonomy":"post_tag","embeddable":true,"href":"https:\/\/sertv.gob.pa\/crisolfm\/wp-json\/wp\/v2\/tags?post=27012"}],"curies":[{"name":"wp","href":"https:\/\/api.w.org\/{rel}","templated":true}]}}