{"id":27028,"date":"2020-03-02T15:46:14","date_gmt":"2020-03-02T15:46:14","guid":{"rendered":"https:\/\/sertv.gob.pa\/crisolfm\/?p=27028"},"modified":"2020-03-02T15:47:22","modified_gmt":"2020-03-02T15:47:22","slug":"danone-se-suma-con-2-000-millones-para-para-luchar-contra-el-cambio-climatico","status":"publish","type":"post","link":"https:\/\/sertv.gob.pa\/crisolfm\/danone-se-suma-con-2-000-millones-para-para-luchar-contra-el-cambio-climatico\/","title":{"rendered":"Danone se suma con 2.000 millones para para luchar contra el cambio clim\u00e1tico"},"content":{"rendered":"<p>El grupo franc\u00e9s de alimentaci\u00f3n Danone se ha comprometido a invertir 2.000 millones de euros hasta 2022 en distintas acciones para combatir <strong>el cambio clim\u00e1tico<\/strong>, incluyendo medidas para reducir o buscar alternativas al pl\u00e1stico en sus envases, recortar emisiones y avanzar en la digitalizaci\u00f3n de la compa\u00f1\u00eda.<\/p>\n<p>\u00abEstamos convencidos de que hay una urgente y significativa oportunidad de poner las acciones clim\u00e1ticas a\u00fan m\u00e1s en el centro de nuestro modelo de negocio, uniendo verdaderamente la lucha de las personas por el clima y la naturaleza con el poder de nuestras marcas\u00bb, declar\u00f3 Emmanuel Faber, presidente y consejero delegado de Danone.<\/p>\n<p>\u00abAnunciamos hoy <strong>un plan de aceleraci\u00f3n clim\u00e1tica<\/strong> de 2.000 millones de euros, que en los pr\u00f3ximos tres a\u00f1os transformar\u00e1 a\u00fan m\u00e1s nuestra agricultura, energ\u00eda y operaciones, envasado y capacidades digitales para que aprovechemos plenamente nuestra acci\u00f3n clim\u00e1tica en generar modelos de crecimiento resilientes para nuestras marcas\u00bb, a\u00f1adi\u00f3.<\/p>\n<p>Entre las metas planteadas, Danone espera lograr en 2025 que el 100% de sus envases en Europa procedan de pl\u00e1stico reciclado, para lo que sus marcas &#8216;Evian&#8217; y &#8216;Volvic&#8217; comenzar\u00e1n a ofrecer desde abril de 2020 algunos formatos en botellas de pl\u00e1stico 100% reciclado.<\/p>\n<p>En concreto, desde el pr\u00f3ximo mes de abril ser\u00e1n ofrecidos bajo estas condiciones todos los formatos de &#8216;Volvic&#8217; comercializados en Alemania, as\u00ed como todos los formatos peque\u00f1o y XXL de &#8216;Volvic&#8217; y &#8216;Evian&#8217; en Francia&#8217;, y formatos de &#8216;Evian&#8217; en Reino Unido.<\/p>\n<p>Asimismo, para acabar con los pl\u00e1sticos de un solo uso, Danone invertir\u00e1 en envases alternativos al pl\u00e1stico, incluyendo cristal o papel, adem\u00e1s de repensar <strong>los modelos de negocio para la hidrataci\u00f3n<\/strong>. La compa\u00f1\u00eda francesa tambi\u00e9n tomar\u00e1 medidas para mejorar la reciclabilidad de sus envases de productos l\u00e1cteos.<\/p>\n<p>ECOticias<\/p>\n","protected":false},"excerpt":{"rendered":"<p>El grupo franc\u00e9s de alimentaci\u00f3n Danone se ha comprometido a <a href=\"https:\/\/sertv.gob.pa\/crisolfm\/danone-se-suma-con-2-000-millones-para-para-luchar-contra-el-cambio-climatico\/\"> [&#8230;]<\/a><\/p>\n","protected":false},"author":64,"featured_media":27029,"comment_status":"closed","ping_status":"closed","sticky":false,"template":"","format":"standard","meta":{"footnotes":""},"categories":[7],"tags":[],"class_list":["post-27028","post","type-post","status-publish","format-standard","has-post-thumbnail","hentry","category-ecologicas"],"_links":{"self":[{"href":"https:\/\/sertv.gob.pa\/crisolfm\/wp-json\/wp\/v2\/posts\/27028","targetHints":{"allow":["GET"]}}],"collection":[{"href":"https:\/\/sertv.gob.pa\/crisolfm\/wp-json\/wp\/v2\/posts"}],"about":[{"href":"https:\/\/sertv.gob.pa\/crisolfm\/wp-json\/wp\/v2\/types\/post"}],"author":[{"embeddable":true,"href":"https:\/\/sertv.gob.pa\/crisolfm\/wp-json\/wp\/v2\/users\/64"}],"replies":[{"embeddable":true,"href":"https:\/\/sertv.gob.pa\/crisolfm\/wp-json\/wp\/v2\/comments?post=27028"}],"version-history":[{"count":3,"href":"https:\/\/sertv.gob.pa\/crisolfm\/wp-json\/wp\/v2\/posts\/27028\/revisions"}],"predecessor-version":[{"id":27032,"href":"https:\/\/sertv.gob.pa\/crisolfm\/wp-json\/wp\/v2\/posts\/27028\/revisions\/27032"}],"wp:featuredmedia":[{"embeddable":true,"href":"https:\/\/sertv.gob.pa\/crisolfm\/wp-json\/wp\/v2\/media\/27029"}],"wp:attachment":[{"href":"https:\/\/sertv.gob.pa\/crisolfm\/wp-json\/wp\/v2\/media?parent=27028"}],"wp:term":[{"taxonomy":"category","embeddable":true,"href":"https:\/\/sertv.gob.pa\/crisolfm\/wp-json\/wp\/v2\/categories?post=27028"},{"taxonomy":"post_tag","embeddable":true,"href":"https:\/\/sertv.gob.pa\/crisolfm\/wp-json\/wp\/v2\/tags?post=27028"}],"curies":[{"name":"wp","href":"https:\/\/api.w.org\/{rel}","templated":true}]}}