{"id":27033,"date":"2020-03-02T17:48:35","date_gmt":"2020-03-02T17:48:35","guid":{"rendered":"https:\/\/sertv.gob.pa\/crisolfm\/?p=27033"},"modified":"2020-03-02T17:48:35","modified_gmt":"2020-03-02T17:48:35","slug":"sinaproc-emite-aviso-de-prevencion-por-oleajes-en-las-costas-del-caribe","status":"publish","type":"post","link":"https:\/\/sertv.gob.pa\/crisolfm\/sinaproc-emite-aviso-de-prevencion-por-oleajes-en-las-costas-del-caribe\/","title":{"rendered":"Sinaproc emite aviso de prevenci\u00f3n por oleajes en las costas del Caribe"},"content":{"rendered":"<p>El Sistema Nacional de Protecci\u00f3n Civil (Sinaproc) <strong>emiti\u00f3 un aviso de prevenci\u00f3n por oleajes, corrientes de resaca y vientos para las costas del Caribe paname\u00f1o.<\/strong><\/p>\n<p>La medida es desde las <strong>10:30 a.m. de este lunes hasta 11:59 p.m. del viernes 6 de marzo.<\/strong><\/p>\n<p>Seg\u00fan la instituci\u00f3n, se esperan olas de <strong>1 a 2 metros con per\u00edodos de 6 a 10 segundos.<\/strong><\/p>\n<p>Se recomienda a los <strong>ba\u00f1istas tener precauci\u00f3n <\/strong>y a las embarcaciones livianas extremar las medidas de seguridad.<\/p>\n<p>&nbsp;<\/p>\n","protected":false},"excerpt":{"rendered":"<p>El Sistema Nacional de Protecci\u00f3n Civil (Sinaproc) emiti\u00f3 un aviso <a href=\"https:\/\/sertv.gob.pa\/crisolfm\/sinaproc-emite-aviso-de-prevencion-por-oleajes-en-las-costas-del-caribe\/\"> [&#8230;]<\/a><\/p>\n","protected":false},"author":64,"featured_media":27034,"comment_status":"closed","ping_status":"closed","sticky":false,"template":"","format":"standard","meta":{"footnotes":""},"categories":[7],"tags":[],"class_list":["post-27033","post","type-post","status-publish","format-standard","has-post-thumbnail","hentry","category-ecologicas"],"_links":{"self":[{"href":"https:\/\/sertv.gob.pa\/crisolfm\/wp-json\/wp\/v2\/posts\/27033","targetHints":{"allow":["GET"]}}],"collection":[{"href":"https:\/\/sertv.gob.pa\/crisolfm\/wp-json\/wp\/v2\/posts"}],"about":[{"href":"https:\/\/sertv.gob.pa\/crisolfm\/wp-json\/wp\/v2\/types\/post"}],"author":[{"embeddable":true,"href":"https:\/\/sertv.gob.pa\/crisolfm\/wp-json\/wp\/v2\/users\/64"}],"replies":[{"embeddable":true,"href":"https:\/\/sertv.gob.pa\/crisolfm\/wp-json\/wp\/v2\/comments?post=27033"}],"version-history":[{"count":1,"href":"https:\/\/sertv.gob.pa\/crisolfm\/wp-json\/wp\/v2\/posts\/27033\/revisions"}],"predecessor-version":[{"id":27035,"href":"https:\/\/sertv.gob.pa\/crisolfm\/wp-json\/wp\/v2\/posts\/27033\/revisions\/27035"}],"wp:featuredmedia":[{"embeddable":true,"href":"https:\/\/sertv.gob.pa\/crisolfm\/wp-json\/wp\/v2\/media\/27034"}],"wp:attachment":[{"href":"https:\/\/sertv.gob.pa\/crisolfm\/wp-json\/wp\/v2\/media?parent=27033"}],"wp:term":[{"taxonomy":"category","embeddable":true,"href":"https:\/\/sertv.gob.pa\/crisolfm\/wp-json\/wp\/v2\/categories?post=27033"},{"taxonomy":"post_tag","embeddable":true,"href":"https:\/\/sertv.gob.pa\/crisolfm\/wp-json\/wp\/v2\/tags?post=27033"}],"curies":[{"name":"wp","href":"https:\/\/api.w.org\/{rel}","templated":true}]}}