{"id":27036,"date":"2020-03-02T20:21:29","date_gmt":"2020-03-02T20:21:29","guid":{"rendered":"https:\/\/sertv.gob.pa\/crisolfm\/?p=27036"},"modified":"2020-03-02T20:21:29","modified_gmt":"2020-03-02T20:21:29","slug":"micultura-firma-convenio-con-la-fundacion-iff-panama","status":"publish","type":"post","link":"https:\/\/sertv.gob.pa\/crisolfm\/micultura-firma-convenio-con-la-fundacion-iff-panama\/","title":{"rendered":"MiCultura firma convenio con la Fundaci\u00f3n IFF Panam\u00e1"},"content":{"rendered":"<p>El Ministerio de Cultura firm\u00f3 un Convenio de Cooperaci\u00f3n Cultural con la Fundaci\u00f3n IFF Panam\u00e1 (FIP), quien se encarga de la realizaci\u00f3n del Festival Internacional de Cine de Panam\u00e1 (IFF Panam\u00e1), que se celebrar\u00e1 del 26 de marzo al 1 de abril del presente a\u00f1o.<\/p>\n<p>Carlos Aguilar Navarro, Ministro de Cultura, explic\u00f3 que, con la firma de este importante acuerdo se estar\u00e1 apoyando la novena versi\u00f3n del IFF Panam\u00e1, que contar\u00e1 con la proyecci\u00f3n de m\u00e1s de 60 pel\u00edculas, talleres, sesiones de \u201cnetworking\u201d, clases maestras entre otros, los cuales se desarrollaran en diversos espacios de la ciudad de Panam\u00e1, del 26 de marzo al 1 de abril de 2020.<\/p>\n<p>\u201cNos sentimos muy orgullosos de acompa\u00f1arlos como Patrocinador Oficial en esta edici\u00f3n en donde se proyectar\u00e1n m\u00e1s de 60 pel\u00edculas del mejor cine del mundo y se realizar\u00e1n talleres, charlas magistrales y mesas redondas que brindar\u00e1n a ni\u00f1os, j\u00f3venes y adultos innumerables conocimientos sobre la industria y al impacto del cine de Panam\u00e1 para el mundo\u201d, agreg\u00f3 el titular.<\/p>\n<p>Por su parte, Lilia Ortega De Heilbron, en nombre de la Fundaci\u00f3n IFF Panam\u00e1, resalt\u00f3 la labor que viene realizando el Ministerio de Cultura y manifest\u00f3 su complacencia por la firma de este convenio que consolida al festival como un punto de encuentro cultural y de negocios para la industria cinematogr\u00e1fica.<\/p>\n<p>Con este acuerdo de Colaboraci\u00f3n el Ministerio de Cultura, a trav\u00e9s de su Direcci\u00f3n Nacional de la Industria Cinematogr\u00e1fica y Audiovisual, ni\u00f1os, j\u00f3venes y adultos podr\u00e1n disfrutar de proyecciones cinematogr\u00e1ficas gratuitas de alto nivel al aire libre en sitios como Panam\u00e1 Viejo, Mirador del Pac\u00edfico (Cinta Costera), Playita Santo Domingo (Casco Antiguo), Plaza de Francia y en lugares como el Ateneo de Ciudad del Saber.<\/p>\n<p>&nbsp;<\/p>\n","protected":false},"excerpt":{"rendered":"<p>El Ministerio de Cultura firm\u00f3 un Convenio de Cooperaci\u00f3n Cultural <a href=\"https:\/\/sertv.gob.pa\/crisolfm\/micultura-firma-convenio-con-la-fundacion-iff-panama\/\"> [&#8230;]<\/a><\/p>\n","protected":false},"author":64,"featured_media":27038,"comment_status":"closed","ping_status":"closed","sticky":false,"template":"","format":"standard","meta":{"footnotes":""},"categories":[6],"tags":[],"class_list":["post-27036","post","type-post","status-publish","format-standard","has-post-thumbnail","hentry","category-culturales"],"_links":{"self":[{"href":"https:\/\/sertv.gob.pa\/crisolfm\/wp-json\/wp\/v2\/posts\/27036","targetHints":{"allow":["GET"]}}],"collection":[{"href":"https:\/\/sertv.gob.pa\/crisolfm\/wp-json\/wp\/v2\/posts"}],"about":[{"href":"https:\/\/sertv.gob.pa\/crisolfm\/wp-json\/wp\/v2\/types\/post"}],"author":[{"embeddable":true,"href":"https:\/\/sertv.gob.pa\/crisolfm\/wp-json\/wp\/v2\/users\/64"}],"replies":[{"embeddable":true,"href":"https:\/\/sertv.gob.pa\/crisolfm\/wp-json\/wp\/v2\/comments?post=27036"}],"version-history":[{"count":1,"href":"https:\/\/sertv.gob.pa\/crisolfm\/wp-json\/wp\/v2\/posts\/27036\/revisions"}],"predecessor-version":[{"id":27039,"href":"https:\/\/sertv.gob.pa\/crisolfm\/wp-json\/wp\/v2\/posts\/27036\/revisions\/27039"}],"wp:featuredmedia":[{"embeddable":true,"href":"https:\/\/sertv.gob.pa\/crisolfm\/wp-json\/wp\/v2\/media\/27038"}],"wp:attachment":[{"href":"https:\/\/sertv.gob.pa\/crisolfm\/wp-json\/wp\/v2\/media?parent=27036"}],"wp:term":[{"taxonomy":"category","embeddable":true,"href":"https:\/\/sertv.gob.pa\/crisolfm\/wp-json\/wp\/v2\/categories?post=27036"},{"taxonomy":"post_tag","embeddable":true,"href":"https:\/\/sertv.gob.pa\/crisolfm\/wp-json\/wp\/v2\/tags?post=27036"}],"curies":[{"name":"wp","href":"https:\/\/api.w.org\/{rel}","templated":true}]}}