{"id":27045,"date":"2020-03-03T13:09:10","date_gmt":"2020-03-03T13:09:10","guid":{"rendered":"https:\/\/sertv.gob.pa\/crisolfm\/?p=27045"},"modified":"2020-03-03T13:09:10","modified_gmt":"2020-03-03T13:09:10","slug":"la-nasa-revela-una-caida-de-la-contaminacion-en-china-por-el-coronavirus","status":"publish","type":"post","link":"https:\/\/sertv.gob.pa\/crisolfm\/la-nasa-revela-una-caida-de-la-contaminacion-en-china-por-el-coronavirus\/","title":{"rendered":"La Nasa revela una ca\u00edda de la contaminaci\u00f3n en China por el coronavirus"},"content":{"rendered":"<p>Las im\u00e1genes de sat\u00e9lite de la NASA muestran una ca\u00edda dr\u00e1stica de la contaminaci\u00f3n en China que est\u00e1 \u00abparcialmente relacionada\u00bb con la desaceleraci\u00f3n econ\u00f3mica debido al brote de coronavirus, inform\u00f3 la agencia espacial estadounidense.<\/p>\n<p>La reducci\u00f3n de la contaminaci\u00f3n por di\u00f3xido de nitr\u00f3geno (NO2) se not\u00f3 por primera vez cerca de Wuhan, el epicentro del brote, y se extendi\u00f3 por toda China, seg\u00fan cient\u00edficos de la NASA que examinaron los datos recopilados por sus sat\u00e9lites y la Agencia Espacial Europea.<\/p>\n<p>Los mapas que comparan las concentraciones de NO2 mostraron una marcada disminuci\u00f3n entre el 1 y el 20 de enero, antes de que se impusiera una cuarentena en Wuhan y otras ciudades, y del 10 al 25 de febrero.<\/p>\n<p>\u00abHay pruebas de que el cambio est\u00e1 relacionado, al menos en parte, con la desaceleraci\u00f3n econ\u00f3mica luego del brote de coronavirus\u00bb, dijo el Observatorio de la Tierra de la NASA en un comunicado.<\/p>\n<p>Las autoridades chinas han tomado medidas draconianas para contener la propagaci\u00f3n del virus, como frenar el movimiento de personas, cerrar temporalmente las f\u00e1bricas en todo el pa\u00eds y poner en cuarentena a la provincia central de Hubei, una regi\u00f3n industrial clave donde apareci\u00f3 por primera vez la epidemia.<\/p>\n<p>El NO2 es un compuesto que causa problemas respiratorios como el asma y se genera en por la quema de combustibles f\u00f3siles. Principalmente lo emiten veh\u00edculos y plantas de energ\u00eda y puede causar problemas respiratorios.<\/p>\n<p>\u00abEsta es la primera vez que veo una ca\u00edda tan dr\u00e1stica en un \u00e1rea tan amplia\u00bb, dijo Fei Liu, investigadora de calidad del aire en el Centro de Vuelo Espacial Goddard de la NASA.<\/p>\n<p>AFP<\/p>\n","protected":false},"excerpt":{"rendered":"<p>Las im\u00e1genes de sat\u00e9lite de la NASA muestran una ca\u00edda <a href=\"https:\/\/sertv.gob.pa\/crisolfm\/la-nasa-revela-una-caida-de-la-contaminacion-en-china-por-el-coronavirus\/\"> [&#8230;]<\/a><\/p>\n","protected":false},"author":64,"featured_media":27046,"comment_status":"closed","ping_status":"closed","sticky":false,"template":"","format":"standard","meta":{"footnotes":""},"categories":[7],"tags":[],"class_list":["post-27045","post","type-post","status-publish","format-standard","has-post-thumbnail","hentry","category-ecologicas"],"_links":{"self":[{"href":"https:\/\/sertv.gob.pa\/crisolfm\/wp-json\/wp\/v2\/posts\/27045","targetHints":{"allow":["GET"]}}],"collection":[{"href":"https:\/\/sertv.gob.pa\/crisolfm\/wp-json\/wp\/v2\/posts"}],"about":[{"href":"https:\/\/sertv.gob.pa\/crisolfm\/wp-json\/wp\/v2\/types\/post"}],"author":[{"embeddable":true,"href":"https:\/\/sertv.gob.pa\/crisolfm\/wp-json\/wp\/v2\/users\/64"}],"replies":[{"embeddable":true,"href":"https:\/\/sertv.gob.pa\/crisolfm\/wp-json\/wp\/v2\/comments?post=27045"}],"version-history":[{"count":1,"href":"https:\/\/sertv.gob.pa\/crisolfm\/wp-json\/wp\/v2\/posts\/27045\/revisions"}],"predecessor-version":[{"id":27047,"href":"https:\/\/sertv.gob.pa\/crisolfm\/wp-json\/wp\/v2\/posts\/27045\/revisions\/27047"}],"wp:featuredmedia":[{"embeddable":true,"href":"https:\/\/sertv.gob.pa\/crisolfm\/wp-json\/wp\/v2\/media\/27046"}],"wp:attachment":[{"href":"https:\/\/sertv.gob.pa\/crisolfm\/wp-json\/wp\/v2\/media?parent=27045"}],"wp:term":[{"taxonomy":"category","embeddable":true,"href":"https:\/\/sertv.gob.pa\/crisolfm\/wp-json\/wp\/v2\/categories?post=27045"},{"taxonomy":"post_tag","embeddable":true,"href":"https:\/\/sertv.gob.pa\/crisolfm\/wp-json\/wp\/v2\/tags?post=27045"}],"curies":[{"name":"wp","href":"https:\/\/api.w.org\/{rel}","templated":true}]}}