{"id":27066,"date":"2020-03-03T14:36:05","date_gmt":"2020-03-03T14:36:05","guid":{"rendered":"https:\/\/sertv.gob.pa\/crisolfm\/?p=27066"},"modified":"2020-03-03T14:36:05","modified_gmt":"2020-03-03T14:36:05","slug":"adios-a-la-mitad-de-las-playas-del-planeta","status":"publish","type":"post","link":"https:\/\/sertv.gob.pa\/crisolfm\/adios-a-la-mitad-de-las-playas-del-planeta\/","title":{"rendered":"Adi\u00f3s a la mitad de las playas del Planeta"},"content":{"rendered":"<p><strong>Las\u00a0playas de arena<\/strong>\u00a0no son solo lugares paradis\u00edacos de destinos remotos. Adem\u00e1s de su importante valor socioecon\u00f3mico y tur\u00edstico para muchos pa\u00edses, estos ecosistemas, que ocupan el 30 % de la costa de todo el mundo y albergan al 44 % de la poblaci\u00f3n mundial, representan mucho m\u00e1s en nuestros entornos.<\/p>\n<p>A pesar de su importancia ecol\u00f3gica, muchas playas, que se enfrentan a constantes\u00a0cambios meteorol\u00f3gicos y antropog\u00e9nicos, ya se est\u00e1n\u00a0erosionando, una situaci\u00f3n que se exacerbar\u00e1 con el\u00a0cambio clim\u00e1tico\u00a0y el\u00a0aumento del nivel del mar.<\/p>\n<p>Para predecir las tendencias futuras, Vousdoukas y su equipo analizaron las\u00a0im\u00e1genes satelitales\u00a0que muestran el cambio de la costa de 1984 a 2015.<\/p>\n<p>Los resultados, publicados en la revista\u00a0<em>Nature Climate Change<\/em>, revelan que la recesi\u00f3n costera por el aumento del nivel del mar y las tendencias clim\u00e1ticas actuales podr\u00edan <strong>provocar la casi extinci\u00f3n de la mitad de playas de arena<\/strong> del mundo para el a\u00f1o 2100. La erosi\u00f3n parece, adem\u00e1s, intensificarse a la vez que aumentan las emisiones de gases de efecto invernadero.<\/p>\n<p>\u201cCasi la mitad de las playas de arena del mundo se perder\u00e1 si no reducimos las emisiones de gases de efecto invernadero. La mitigaci\u00f3n permitir\u00eda prevenir el 22% de la retirada de la costa para 2050 y el 40 % a finales de siglo\u201d, a\u00f1ade el experto, que ha contado con la colaboraci\u00f3n de la Universidad de C\u00e1diz y otros centros de Holanda y Portugal.<\/p>\n<p>&nbsp;<\/p>\n","protected":false},"excerpt":{"rendered":"<p>Las\u00a0playas de arena\u00a0no son solo lugares paradis\u00edacos de destinos remotos. <a href=\"https:\/\/sertv.gob.pa\/crisolfm\/adios-a-la-mitad-de-las-playas-del-planeta\/\"> [&#8230;]<\/a><\/p>\n","protected":false},"author":64,"featured_media":27067,"comment_status":"closed","ping_status":"closed","sticky":false,"template":"","format":"standard","meta":{"footnotes":""},"categories":[7],"tags":[],"class_list":["post-27066","post","type-post","status-publish","format-standard","has-post-thumbnail","hentry","category-ecologicas"],"_links":{"self":[{"href":"https:\/\/sertv.gob.pa\/crisolfm\/wp-json\/wp\/v2\/posts\/27066","targetHints":{"allow":["GET"]}}],"collection":[{"href":"https:\/\/sertv.gob.pa\/crisolfm\/wp-json\/wp\/v2\/posts"}],"about":[{"href":"https:\/\/sertv.gob.pa\/crisolfm\/wp-json\/wp\/v2\/types\/post"}],"author":[{"embeddable":true,"href":"https:\/\/sertv.gob.pa\/crisolfm\/wp-json\/wp\/v2\/users\/64"}],"replies":[{"embeddable":true,"href":"https:\/\/sertv.gob.pa\/crisolfm\/wp-json\/wp\/v2\/comments?post=27066"}],"version-history":[{"count":1,"href":"https:\/\/sertv.gob.pa\/crisolfm\/wp-json\/wp\/v2\/posts\/27066\/revisions"}],"predecessor-version":[{"id":27068,"href":"https:\/\/sertv.gob.pa\/crisolfm\/wp-json\/wp\/v2\/posts\/27066\/revisions\/27068"}],"wp:featuredmedia":[{"embeddable":true,"href":"https:\/\/sertv.gob.pa\/crisolfm\/wp-json\/wp\/v2\/media\/27067"}],"wp:attachment":[{"href":"https:\/\/sertv.gob.pa\/crisolfm\/wp-json\/wp\/v2\/media?parent=27066"}],"wp:term":[{"taxonomy":"category","embeddable":true,"href":"https:\/\/sertv.gob.pa\/crisolfm\/wp-json\/wp\/v2\/categories?post=27066"},{"taxonomy":"post_tag","embeddable":true,"href":"https:\/\/sertv.gob.pa\/crisolfm\/wp-json\/wp\/v2\/tags?post=27066"}],"curies":[{"name":"wp","href":"https:\/\/api.w.org\/{rel}","templated":true}]}}