{"id":27069,"date":"2020-03-03T14:40:39","date_gmt":"2020-03-03T14:40:39","guid":{"rendered":"https:\/\/sertv.gob.pa\/crisolfm\/?p=27069"},"modified":"2020-03-03T14:40:39","modified_gmt":"2020-03-03T14:40:39","slug":"despidete-de-tus-ultimos-tres-anos-de-vida-gracias-a-la-contaminacion","status":"publish","type":"post","link":"https:\/\/sertv.gob.pa\/crisolfm\/despidete-de-tus-ultimos-tres-anos-de-vida-gracias-a-la-contaminacion\/","title":{"rendered":"Desp\u00eddete de tus \u00faltimos tres a\u00f1os de vida gracias a la contaminaci\u00f3n"},"content":{"rendered":"<p>Los profesores Jos Lelieveld y Thomas M\u00fcnzel, del Instituto Max Planck de Qu\u00edmica y el Departamento de Cardiolog\u00eda del Centro M\u00e9dico Universitario de Mainz (Alemania), que han dirigido la investigaci\u00f3n, dicen que los hallazgos sugieren que el mundo enfrenta una \u00abpandemia\u00bb de <strong>contaminaci\u00f3n del aire<\/strong>.<\/p>\n<p>Utilizando un nuevo m\u00e9todo para modelar los efectos de varias fuentes de contaminaci\u00f3n del aire sobre las tasas de mortalidad, los investigadores estimaron que la contaminaci\u00f3n del aire a nivel mundial caus\u00f3 8,8 millones de muertes prematuras adicionales al a\u00f1o en 2015. Esto representa un acortamiento promedio de la esperanza de vida de casi tres a\u00f1os en las personas en todo el mundo.<\/p>\n<p>En comparaci\u00f3n, el consumo de tabaco acorta la esperanza de vida en un promedio de 2,2 a\u00f1os (7,2 millones de muertes), el VIH\/sida en 0,7 a\u00f1os (1 mill\u00f3n de muertes), <strong>enfermedades como la malaria transmitidas por par\u00e1sitos<\/strong> o insectos como mosquitos, garrapatas y pulgas 0,6 a\u00f1os (600.000 muertes), y todas las formas de violencia, incluyendo muertes en guerras, por 0.3 a\u00f1os (530.000 muertes).<\/p>\n<p>Los investigadores analizaron el efecto de la contaminaci\u00f3n del aire en seis categor\u00edas de enfermedades: infecci\u00f3n del tracto respiratorio inferior, enfermedad pulmonar obstructiva cr\u00f3nica, c\u00e1ncer de pulm\u00f3n, enfermedad card\u00edaca, enfermedad cerebrovascular que conduce a un accidente cerebrovascular y otras enfermedades no transmisibles, que incluyen patolog\u00edas como hipertensi\u00f3n arterial y diabetes.<\/p>\n<p>Descubrieron que las enfermedades cardiovasculares (enfermedades card\u00edacas y cerebrovasculares combinadas) son responsables de la mayor proporci\u00f3n de vidas acortadas por <strong>la contaminaci\u00f3n del aire<\/strong>: el 43% de la p\u00e9rdida de esperanza de vida en todo el mundo.<\/p>\n<p>Tambi\u00e9n descubrieron que la contaminaci\u00f3n del aire tuvo un mayor efecto en el acortamiento de la vida de las personas mayores, con la excepci\u00f3n de las muertes en ni\u00f1os menores de cinco a\u00f1os en pa\u00edses de bajos ingresos, como \u00c1frica y Asia meridional. A nivel mundial, alrededor del 75% de las muertes atribuidas a la contaminaci\u00f3n del aire ocurren en personas mayores de 60 a\u00f1os.<\/p>\n<p>Este es el primer estudio que muestra <strong>los efectos de la contaminaci\u00f3n del aire<\/strong> sobre las muertes seg\u00fan la edad, el tipo de enfermedad y tambi\u00e9n su efecto sobre la esperanza de vida a nivel de pa\u00edses y regiones individuales.<\/p>\n<p>ECOticias<\/p>\n","protected":false},"excerpt":{"rendered":"<p>Los profesores Jos Lelieveld y Thomas M\u00fcnzel, del Instituto Max <a href=\"https:\/\/sertv.gob.pa\/crisolfm\/despidete-de-tus-ultimos-tres-anos-de-vida-gracias-a-la-contaminacion\/\"> [&#8230;]<\/a><\/p>\n","protected":false},"author":64,"featured_media":27070,"comment_status":"closed","ping_status":"closed","sticky":false,"template":"","format":"standard","meta":{"footnotes":""},"categories":[7],"tags":[],"class_list":["post-27069","post","type-post","status-publish","format-standard","has-post-thumbnail","hentry","category-ecologicas"],"_links":{"self":[{"href":"https:\/\/sertv.gob.pa\/crisolfm\/wp-json\/wp\/v2\/posts\/27069","targetHints":{"allow":["GET"]}}],"collection":[{"href":"https:\/\/sertv.gob.pa\/crisolfm\/wp-json\/wp\/v2\/posts"}],"about":[{"href":"https:\/\/sertv.gob.pa\/crisolfm\/wp-json\/wp\/v2\/types\/post"}],"author":[{"embeddable":true,"href":"https:\/\/sertv.gob.pa\/crisolfm\/wp-json\/wp\/v2\/users\/64"}],"replies":[{"embeddable":true,"href":"https:\/\/sertv.gob.pa\/crisolfm\/wp-json\/wp\/v2\/comments?post=27069"}],"version-history":[{"count":1,"href":"https:\/\/sertv.gob.pa\/crisolfm\/wp-json\/wp\/v2\/posts\/27069\/revisions"}],"predecessor-version":[{"id":27071,"href":"https:\/\/sertv.gob.pa\/crisolfm\/wp-json\/wp\/v2\/posts\/27069\/revisions\/27071"}],"wp:featuredmedia":[{"embeddable":true,"href":"https:\/\/sertv.gob.pa\/crisolfm\/wp-json\/wp\/v2\/media\/27070"}],"wp:attachment":[{"href":"https:\/\/sertv.gob.pa\/crisolfm\/wp-json\/wp\/v2\/media?parent=27069"}],"wp:term":[{"taxonomy":"category","embeddable":true,"href":"https:\/\/sertv.gob.pa\/crisolfm\/wp-json\/wp\/v2\/categories?post=27069"},{"taxonomy":"post_tag","embeddable":true,"href":"https:\/\/sertv.gob.pa\/crisolfm\/wp-json\/wp\/v2\/tags?post=27069"}],"curies":[{"name":"wp","href":"https:\/\/api.w.org\/{rel}","templated":true}]}}