{"id":27072,"date":"2020-03-03T14:52:46","date_gmt":"2020-03-03T14:52:46","guid":{"rendered":"https:\/\/sertv.gob.pa\/crisolfm\/?p=27072"},"modified":"2020-03-03T14:52:46","modified_gmt":"2020-03-03T14:52:46","slug":"sertv-television-al-servicio-del-pais","status":"publish","type":"post","link":"https:\/\/sertv.gob.pa\/crisolfm\/sertv-television-al-servicio-del-pais\/","title":{"rendered":"Sertv: televisi\u00f3n al servicio del pa\u00eds"},"content":{"rendered":"<p>El Sistema Estatal de Radio y Televisi\u00f3n (SERTV) se renov\u00f3, con una programaci\u00f3n m\u00e1s actualizada, educativa y cultural.<\/p>\n<p>La directora general de SERTV, Giselle Gonz\u00e1lez, manifest\u00f3 que lejos de querer parecerse a canales comerciales, tienen mayor exigencia en la calidad de los contenidos. El lineamiento del canal estatal es no mostrar cr\u00f3nica roja y orientar a las personas. Adem\u00e1s, renovar su contenido\u201d a\u00f1adi\u00f3 Gonz\u00e1lez.<\/p>\n<p><strong>Programas<\/strong><br \/>\n\u201cMentes Curiosas\u201d va dirigido a ni\u00f1as y adolescentes para que se les active la curiosidad cient\u00edfica a trav\u00e9s de la visibilidad de expertas investigadoras; los han felicitado personas de canales europeos. El espacio se presenta los s\u00e1bados a las 4:30 p.m.<\/p>\n<p>\u201cC\u00f3mplices\u201d muestra entrevistas coloquiales donde hablan dos expertos en las artes.<\/p>\n<p>Los martes y jueves de la pen\u00faltima y \u00faltima semana de cada mes exponen\u00a0\u201cA profundidad\u201d en el que tratan temas de actualidad con distintos puntos de vista.<\/p>\n<p>\u201cContrapunto\u201d es un programa donde invitan a periodistas de radio, TV y prensa escrita quienes abarcan temas desde la perspectiva period\u00edstica, y \u201c6ta Frontera\u201d son investigaciones a profundidad y rendici\u00f3n de cuentas de las propuestas hechas por el gobierno presentado por Julia Elena Alvear.<\/p>\n<p>\u201cConectados\u201d para que aquel joven con pensamiento cr\u00edtico pueda comunicarse con las autoridades directamente.<\/p>\n<p>\u201cLa agenda cultural\u201d se presenta todos los mi\u00e9rcoles en el noticiero estelar y muestra las actividades culturales del pa\u00eds.<\/p>\n<p>&nbsp;<\/p>\n","protected":false},"excerpt":{"rendered":"<p>El Sistema Estatal de Radio y Televisi\u00f3n (SERTV) se renov\u00f3, <a href=\"https:\/\/sertv.gob.pa\/crisolfm\/sertv-television-al-servicio-del-pais\/\"> [&#8230;]<\/a><\/p>\n","protected":false},"author":64,"featured_media":27073,"comment_status":"closed","ping_status":"closed","sticky":false,"template":"","format":"standard","meta":{"footnotes":""},"categories":[6],"tags":[],"class_list":["post-27072","post","type-post","status-publish","format-standard","has-post-thumbnail","hentry","category-culturales"],"_links":{"self":[{"href":"https:\/\/sertv.gob.pa\/crisolfm\/wp-json\/wp\/v2\/posts\/27072","targetHints":{"allow":["GET"]}}],"collection":[{"href":"https:\/\/sertv.gob.pa\/crisolfm\/wp-json\/wp\/v2\/posts"}],"about":[{"href":"https:\/\/sertv.gob.pa\/crisolfm\/wp-json\/wp\/v2\/types\/post"}],"author":[{"embeddable":true,"href":"https:\/\/sertv.gob.pa\/crisolfm\/wp-json\/wp\/v2\/users\/64"}],"replies":[{"embeddable":true,"href":"https:\/\/sertv.gob.pa\/crisolfm\/wp-json\/wp\/v2\/comments?post=27072"}],"version-history":[{"count":1,"href":"https:\/\/sertv.gob.pa\/crisolfm\/wp-json\/wp\/v2\/posts\/27072\/revisions"}],"predecessor-version":[{"id":27074,"href":"https:\/\/sertv.gob.pa\/crisolfm\/wp-json\/wp\/v2\/posts\/27072\/revisions\/27074"}],"wp:featuredmedia":[{"embeddable":true,"href":"https:\/\/sertv.gob.pa\/crisolfm\/wp-json\/wp\/v2\/media\/27073"}],"wp:attachment":[{"href":"https:\/\/sertv.gob.pa\/crisolfm\/wp-json\/wp\/v2\/media?parent=27072"}],"wp:term":[{"taxonomy":"category","embeddable":true,"href":"https:\/\/sertv.gob.pa\/crisolfm\/wp-json\/wp\/v2\/categories?post=27072"},{"taxonomy":"post_tag","embeddable":true,"href":"https:\/\/sertv.gob.pa\/crisolfm\/wp-json\/wp\/v2\/tags?post=27072"}],"curies":[{"name":"wp","href":"https:\/\/api.w.org\/{rel}","templated":true}]}}