{"id":27075,"date":"2020-03-03T15:06:59","date_gmt":"2020-03-03T15:06:59","guid":{"rendered":"https:\/\/sertv.gob.pa\/crisolfm\/?p=27075"},"modified":"2020-03-03T15:06:59","modified_gmt":"2020-03-03T15:06:59","slug":"escritor-chileno-luis-sepulveda-contagiado-por-coronavirus","status":"publish","type":"post","link":"https:\/\/sertv.gob.pa\/crisolfm\/escritor-chileno-luis-sepulveda-contagiado-por-coronavirus\/","title":{"rendered":"Escritor chileno, Luis Sep\u00falveda, contagiado por coronavirus"},"content":{"rendered":"<p>El popular escritor chileno Luis Sep\u00falveda, quien reside en el norte de Espa\u00f1a, se contagi\u00f3 del nuevo coronavirus (COVID-19), anunciaron las autoridades sanitarias de Portugal, donde estuvo recientemente.<\/p>\n<p>El autor, de 70 a\u00f1os, tuvo los primeros s\u00edntomas el 25 de febrero cuando ya hab\u00eda regresado a Asturias, precis\u00f3 la Direcci\u00f3n General de Salud portuguesa, informada por su hom\u00f3loga espa\u00f1ola, puesto que el escritor hab\u00eda estado en el norte de Portugal del 18 al 23 de febrero para participar en un festival literario.<\/p>\n<p>El gobierno regional de Asturias anunci\u00f3 el s\u00e1bado que hab\u00eda detectado un primer caso de coronavirus en un hombre de 70 a\u00f1os, pero no lo identific\u00f3.<\/p>\n<p>\u00abEl paciente est\u00e1 estable. Su esposa, una mujer de 66 a\u00f1os que tambi\u00e9n tiene s\u00edntomas, ser\u00e1 sometida a pruebas\u00bb, indic\u00f3, precisando que la pareja hab\u00eda sido admitida en el Hospital Universitario Central de Asturias.<\/p>\n<p>La Direcci\u00f3n General de Salud portuguesa llam\u00f3 a todas las personas que tuvieron \u00abcontacto cercano\u00bb con Sep\u00falveda, que particip\u00f3 en un festival cerca de Oporto (norte), a presentarse en sus oficinas.<\/p>\n<p>Portugal no tiene por ahora ning\u00fan caso confirmado de coronavirus, mientras que su vecina Espa\u00f1a cuenta hasta el momento con 73.<\/p>\n<p>AFP<\/p>\n","protected":false},"excerpt":{"rendered":"<p>El popular escritor chileno Luis Sep\u00falveda, quien reside en el <a href=\"https:\/\/sertv.gob.pa\/crisolfm\/escritor-chileno-luis-sepulveda-contagiado-por-coronavirus\/\"> [&#8230;]<\/a><\/p>\n","protected":false},"author":64,"featured_media":27076,"comment_status":"closed","ping_status":"closed","sticky":false,"template":"","format":"standard","meta":{"footnotes":""},"categories":[6],"tags":[],"class_list":["post-27075","post","type-post","status-publish","format-standard","has-post-thumbnail","hentry","category-culturales"],"_links":{"self":[{"href":"https:\/\/sertv.gob.pa\/crisolfm\/wp-json\/wp\/v2\/posts\/27075","targetHints":{"allow":["GET"]}}],"collection":[{"href":"https:\/\/sertv.gob.pa\/crisolfm\/wp-json\/wp\/v2\/posts"}],"about":[{"href":"https:\/\/sertv.gob.pa\/crisolfm\/wp-json\/wp\/v2\/types\/post"}],"author":[{"embeddable":true,"href":"https:\/\/sertv.gob.pa\/crisolfm\/wp-json\/wp\/v2\/users\/64"}],"replies":[{"embeddable":true,"href":"https:\/\/sertv.gob.pa\/crisolfm\/wp-json\/wp\/v2\/comments?post=27075"}],"version-history":[{"count":1,"href":"https:\/\/sertv.gob.pa\/crisolfm\/wp-json\/wp\/v2\/posts\/27075\/revisions"}],"predecessor-version":[{"id":27077,"href":"https:\/\/sertv.gob.pa\/crisolfm\/wp-json\/wp\/v2\/posts\/27075\/revisions\/27077"}],"wp:featuredmedia":[{"embeddable":true,"href":"https:\/\/sertv.gob.pa\/crisolfm\/wp-json\/wp\/v2\/media\/27076"}],"wp:attachment":[{"href":"https:\/\/sertv.gob.pa\/crisolfm\/wp-json\/wp\/v2\/media?parent=27075"}],"wp:term":[{"taxonomy":"category","embeddable":true,"href":"https:\/\/sertv.gob.pa\/crisolfm\/wp-json\/wp\/v2\/categories?post=27075"},{"taxonomy":"post_tag","embeddable":true,"href":"https:\/\/sertv.gob.pa\/crisolfm\/wp-json\/wp\/v2\/tags?post=27075"}],"curies":[{"name":"wp","href":"https:\/\/api.w.org\/{rel}","templated":true}]}}