{"id":27079,"date":"2020-03-03T15:11:03","date_gmt":"2020-03-03T15:11:03","guid":{"rendered":"https:\/\/sertv.gob.pa\/crisolfm\/?p=27079"},"modified":"2020-03-03T15:11:03","modified_gmt":"2020-03-03T15:11:03","slug":"las-ambiciones-liricas-de-hitler-se-exponen-por-primera-vez-en-austria","status":"publish","type":"post","link":"https:\/\/sertv.gob.pa\/crisolfm\/las-ambiciones-liricas-de-hitler-se-exponen-por-primera-vez-en-austria\/","title":{"rendered":"Las ambiciones l\u00edricas de Hitler se exponen por primera vez en Austria"},"content":{"rendered":"<p>Era bien sabido que Adolf Hitler admiraba al compositor alem\u00e1n Richard Wagner, pero muchos se sorprender\u00e1n al saber que, de joven, el dictador nazi compuso una \u00f3pera.<\/p>\n<p>Una partitura de este interrumpido proyecto titulado \u00abWieland der Schmied\u00bb (\u00abWieland el herrero\u00bb) fue presentada por primera vez en el marco de la exposici\u00f3n sobre el \u00abjoven Hitler\u00bb que abri\u00f3 sus puertas el s\u00e1bado en Austria.<\/p>\n<p>Los inicios de la melod\u00eda fueron esbozados en un amarillento papel de m\u00fasica en 1908 por su \u00fanico amigo de entonces, August Kubizek, que los conserv\u00f3 y transmiti\u00f3 a sus herederos. Hitler ten\u00eda veinte a\u00f1os.<\/p>\n<p>Apenas hab\u00eda seguido cuatro meses de cursos de piano, lo que demuestra, seg\u00fan Christian Rapp, uno de los comisarios de la exposici\u00f3n, su megaloman\u00eda. \u00abHitler siempre sobrestim\u00f3 sus capacidades\u00bb, explica Rapp a la AFP.<\/p>\n<p>Esta partitura es considerada como la \u00fanica p\u00e1gina superviviente de un ambicioso proyecto basado en la mitolog\u00eda germ\u00e1nica, que se parec\u00eda mucho a una obra inconclusa de Wagner, que lleva el mismo nombre.<\/p>\n<p>La exposici\u00f3n, titulada \u00abEl joven Hitler &#8211; A\u00f1os de formaci\u00f3n de un dictador. 1889-1914\u00bb, presenta hasta el 9 de agosto en la Casa de la Historia del Museo de Baja Austria en\u00a0Sankt-Polten (nordeste), una serie de objetos que pertenecieron a Hitler o est\u00e1n vinculados con \u00e9l, coleccionados por August Kubizek entre 1907 y 1920.<\/p>\n<p>Entre ellos figuran cartas, postales escritas por Hitler, pinturas y croquis realizados por el futuro dictador.<\/p>\n<p>Hitler, que naci\u00f3 el 20 de abril de 1889 en la localidad austriaca de Braunau-am-Inn, ignoraba tener talentos art\u00edsticos claramente inferiores a sus ambiciones.<\/p>\n<p>Hannes Leidinger, otro comisario de la exposici\u00f3n, explica a la AFP que quienes conocieron a Hitler en sus primeros a\u00f1os lo hallaron \u00abintransigente, ind\u00f3cil y agresivo\u00bb.<\/p>\n<p>AFP<\/p>\n","protected":false},"excerpt":{"rendered":"<p>Era bien sabido que Adolf Hitler admiraba al compositor alem\u00e1n <a href=\"https:\/\/sertv.gob.pa\/crisolfm\/las-ambiciones-liricas-de-hitler-se-exponen-por-primera-vez-en-austria\/\"> [&#8230;]<\/a><\/p>\n","protected":false},"author":64,"featured_media":27080,"comment_status":"closed","ping_status":"closed","sticky":false,"template":"","format":"standard","meta":{"footnotes":""},"categories":[6],"tags":[],"class_list":["post-27079","post","type-post","status-publish","format-standard","has-post-thumbnail","hentry","category-culturales"],"_links":{"self":[{"href":"https:\/\/sertv.gob.pa\/crisolfm\/wp-json\/wp\/v2\/posts\/27079","targetHints":{"allow":["GET"]}}],"collection":[{"href":"https:\/\/sertv.gob.pa\/crisolfm\/wp-json\/wp\/v2\/posts"}],"about":[{"href":"https:\/\/sertv.gob.pa\/crisolfm\/wp-json\/wp\/v2\/types\/post"}],"author":[{"embeddable":true,"href":"https:\/\/sertv.gob.pa\/crisolfm\/wp-json\/wp\/v2\/users\/64"}],"replies":[{"embeddable":true,"href":"https:\/\/sertv.gob.pa\/crisolfm\/wp-json\/wp\/v2\/comments?post=27079"}],"version-history":[{"count":1,"href":"https:\/\/sertv.gob.pa\/crisolfm\/wp-json\/wp\/v2\/posts\/27079\/revisions"}],"predecessor-version":[{"id":27081,"href":"https:\/\/sertv.gob.pa\/crisolfm\/wp-json\/wp\/v2\/posts\/27079\/revisions\/27081"}],"wp:featuredmedia":[{"embeddable":true,"href":"https:\/\/sertv.gob.pa\/crisolfm\/wp-json\/wp\/v2\/media\/27080"}],"wp:attachment":[{"href":"https:\/\/sertv.gob.pa\/crisolfm\/wp-json\/wp\/v2\/media?parent=27079"}],"wp:term":[{"taxonomy":"category","embeddable":true,"href":"https:\/\/sertv.gob.pa\/crisolfm\/wp-json\/wp\/v2\/categories?post=27079"},{"taxonomy":"post_tag","embeddable":true,"href":"https:\/\/sertv.gob.pa\/crisolfm\/wp-json\/wp\/v2\/tags?post=27079"}],"curies":[{"name":"wp","href":"https:\/\/api.w.org\/{rel}","templated":true}]}}