{"id":27126,"date":"2020-03-04T14:26:09","date_gmt":"2020-03-04T14:26:09","guid":{"rendered":"https:\/\/sertv.gob.pa\/crisolfm\/?p=27126"},"modified":"2020-03-04T14:26:09","modified_gmt":"2020-03-04T14:26:09","slug":"estudiando-propuestas-para-salvar-el-delta-del-ebro","status":"publish","type":"post","link":"https:\/\/sertv.gob.pa\/crisolfm\/estudiando-propuestas-para-salvar-el-delta-del-ebro\/","title":{"rendered":"Estudiando propuestas para salvar el Delta del Ebro"},"content":{"rendered":"<p><strong>El Delta del Ebro<\/strong>, situado en Tarragona, es uno de los enclaves acu\u00e1ticos de biodiversidad m\u00e1s importantes de Europa que se form\u00f3 hace m\u00e1s de 6.000 a\u00f1os y que adem\u00e1s concentra 300 kil\u00f3metros cuadrados de cultivo de arroz y es un enclave en el que viven m\u00e1s de 61.000 personas.<\/p>\n<p>Sin embargo, seg\u00fan argumenta la propuesta, presentada por los diputados Norma Pujol y Farr\u00e9 y el portavoz parlamentario de ERC Grabriel Rufi\u00e1n, este entorno est\u00e1 \u00abactualmente en riesgo por los impactos del cambio clim\u00e1tico y la acci\u00f3n humana\u00bb y se enfrenta a un escenario de \u00abdesaparici\u00f3n\u00bb por factores naturales, pero tambi\u00e9n humanos como son la falta de agua y sedimentos por un lado y el aumento acelerado del nivel del mar.<\/p>\n<p>De acuerdo con la propuesta del grupo republicano, la subcomisi\u00f3n se encargar\u00eda de evaluar y determinar el estado actual del Delta del Ebro y estudiar el impacto del cambio clim\u00e1tico y sus consecuencias en <strong>la viabilidad futura del Delta<\/strong> para promover un di\u00e1logo entre ciudadan\u00eda y administraciones en base a las evidencias cient\u00edficas.<\/p>\n<p>Adem\u00e1s, esta subcomisi\u00f3n se encargar\u00eda de proponer medidas y recomendaciones a corto medio y largo plazo para desarrollar una acci\u00f3n concertada de las administraciones y organismos competentes para asegurar la sostenibilidad futura, medioambiental y humana del <strong>Delta del Ebro<\/strong>.<\/p>\n<p>En concreto, planea que los acuerdos que se alcanzaran fueran votados mediante una ponderaci\u00f3n proporcional a la representaci\u00f3n en la C\u00e1mara que cada grupo parlamentario pueda designar hasta un m\u00e1ximo de cuatro ponentes para la subcomisi\u00f3n.<\/p>\n<p>Del mismo modo, propone que cada grupo parlamentario pueda recabar en cualquier momento los trabajos de la subcomisi\u00f3n y la informaci\u00f3n que estime oportuna para cumplir con los objetivos de la misma.<\/p>\n<p>La iniciativa propuesta estima una duraci\u00f3n de seis meses en los que la Subcomisi\u00f3n elevar\u00e1 un informe a la Comisi\u00f3n para la Transici\u00f3n Ecol\u00f3gica y Reto Demogr\u00e1fico para su aprobaci\u00f3n.<\/p>\n<p>ECOticias<\/p>\n","protected":false},"excerpt":{"rendered":"<p>El Delta del Ebro, situado en Tarragona, es uno de <a href=\"https:\/\/sertv.gob.pa\/crisolfm\/estudiando-propuestas-para-salvar-el-delta-del-ebro\/\"> [&#8230;]<\/a><\/p>\n","protected":false},"author":64,"featured_media":27127,"comment_status":"closed","ping_status":"closed","sticky":false,"template":"","format":"standard","meta":{"footnotes":""},"categories":[7],"tags":[],"class_list":["post-27126","post","type-post","status-publish","format-standard","has-post-thumbnail","hentry","category-ecologicas"],"_links":{"self":[{"href":"https:\/\/sertv.gob.pa\/crisolfm\/wp-json\/wp\/v2\/posts\/27126","targetHints":{"allow":["GET"]}}],"collection":[{"href":"https:\/\/sertv.gob.pa\/crisolfm\/wp-json\/wp\/v2\/posts"}],"about":[{"href":"https:\/\/sertv.gob.pa\/crisolfm\/wp-json\/wp\/v2\/types\/post"}],"author":[{"embeddable":true,"href":"https:\/\/sertv.gob.pa\/crisolfm\/wp-json\/wp\/v2\/users\/64"}],"replies":[{"embeddable":true,"href":"https:\/\/sertv.gob.pa\/crisolfm\/wp-json\/wp\/v2\/comments?post=27126"}],"version-history":[{"count":1,"href":"https:\/\/sertv.gob.pa\/crisolfm\/wp-json\/wp\/v2\/posts\/27126\/revisions"}],"predecessor-version":[{"id":27128,"href":"https:\/\/sertv.gob.pa\/crisolfm\/wp-json\/wp\/v2\/posts\/27126\/revisions\/27128"}],"wp:featuredmedia":[{"embeddable":true,"href":"https:\/\/sertv.gob.pa\/crisolfm\/wp-json\/wp\/v2\/media\/27127"}],"wp:attachment":[{"href":"https:\/\/sertv.gob.pa\/crisolfm\/wp-json\/wp\/v2\/media?parent=27126"}],"wp:term":[{"taxonomy":"category","embeddable":true,"href":"https:\/\/sertv.gob.pa\/crisolfm\/wp-json\/wp\/v2\/categories?post=27126"},{"taxonomy":"post_tag","embeddable":true,"href":"https:\/\/sertv.gob.pa\/crisolfm\/wp-json\/wp\/v2\/tags?post=27126"}],"curies":[{"name":"wp","href":"https:\/\/api.w.org\/{rel}","templated":true}]}}