{"id":27129,"date":"2020-03-04T14:31:48","date_gmt":"2020-03-04T14:31:48","guid":{"rendered":"https:\/\/sertv.gob.pa\/crisolfm\/?p=27129"},"modified":"2020-03-04T14:31:48","modified_gmt":"2020-03-04T14:31:48","slug":"dacia-spring-el-modelo-electrico-mas-barato-del-mercado","status":"publish","type":"post","link":"https:\/\/sertv.gob.pa\/crisolfm\/dacia-spring-el-modelo-electrico-mas-barato-del-mercado\/","title":{"rendered":"Dacia Spring, el modelo el\u00e9ctrico m\u00e1s barato del mercado"},"content":{"rendered":"<p>La marca automovil\u00edstica Dacia ha presentado su <strong>primer prototipo el\u00e9ctrico Spring<\/strong>, que se prefigura como el veh\u00edculo &#8216;cero emisiones&#8217; \u00abm\u00e1s asequible\u00bb de Europa y que estar\u00e1 disponible a partir de 2021, seg\u00fan ha informado la firma del grupo Renault en un comunicado.<\/p>\n<p>Con una carrocer\u00eda en tono pastel Gris Topo con detalles naranjas, una distancia al suelo sobreelevada y protectores integrados en los paragolpes delantero y trasero, el nuevo autom\u00f3vil de Dacia tambi\u00e9n dispone de faros LED.<\/p>\n<p>\u00ab<strong>Dacia Spring <\/strong>responde a unas necesidades pragm\u00e1ticas de movilidad urbana y periurbana. Es robusto y pone al alcance del mercado de particulares y empresas todas las ventajas de los veh\u00edculos el\u00e9ctricos: conducci\u00f3n f\u00e1cil, funcionamiento silencioso, ausencia de vibraciones y cero emisiones en el uso\u00bb, ha subrayado la marca.<\/p>\n<p>ECOticias<\/p>\n","protected":false},"excerpt":{"rendered":"<p>La marca automovil\u00edstica Dacia ha presentado su primer prototipo el\u00e9ctrico <a href=\"https:\/\/sertv.gob.pa\/crisolfm\/dacia-spring-el-modelo-electrico-mas-barato-del-mercado\/\"> [&#8230;]<\/a><\/p>\n","protected":false},"author":64,"featured_media":27130,"comment_status":"closed","ping_status":"closed","sticky":false,"template":"","format":"standard","meta":{"footnotes":""},"categories":[7],"tags":[],"class_list":["post-27129","post","type-post","status-publish","format-standard","has-post-thumbnail","hentry","category-ecologicas"],"_links":{"self":[{"href":"https:\/\/sertv.gob.pa\/crisolfm\/wp-json\/wp\/v2\/posts\/27129","targetHints":{"allow":["GET"]}}],"collection":[{"href":"https:\/\/sertv.gob.pa\/crisolfm\/wp-json\/wp\/v2\/posts"}],"about":[{"href":"https:\/\/sertv.gob.pa\/crisolfm\/wp-json\/wp\/v2\/types\/post"}],"author":[{"embeddable":true,"href":"https:\/\/sertv.gob.pa\/crisolfm\/wp-json\/wp\/v2\/users\/64"}],"replies":[{"embeddable":true,"href":"https:\/\/sertv.gob.pa\/crisolfm\/wp-json\/wp\/v2\/comments?post=27129"}],"version-history":[{"count":1,"href":"https:\/\/sertv.gob.pa\/crisolfm\/wp-json\/wp\/v2\/posts\/27129\/revisions"}],"predecessor-version":[{"id":27131,"href":"https:\/\/sertv.gob.pa\/crisolfm\/wp-json\/wp\/v2\/posts\/27129\/revisions\/27131"}],"wp:featuredmedia":[{"embeddable":true,"href":"https:\/\/sertv.gob.pa\/crisolfm\/wp-json\/wp\/v2\/media\/27130"}],"wp:attachment":[{"href":"https:\/\/sertv.gob.pa\/crisolfm\/wp-json\/wp\/v2\/media?parent=27129"}],"wp:term":[{"taxonomy":"category","embeddable":true,"href":"https:\/\/sertv.gob.pa\/crisolfm\/wp-json\/wp\/v2\/categories?post=27129"},{"taxonomy":"post_tag","embeddable":true,"href":"https:\/\/sertv.gob.pa\/crisolfm\/wp-json\/wp\/v2\/tags?post=27129"}],"curies":[{"name":"wp","href":"https:\/\/api.w.org\/{rel}","templated":true}]}}