{"id":27132,"date":"2020-03-04T14:43:45","date_gmt":"2020-03-04T14:43:45","guid":{"rendered":"https:\/\/sertv.gob.pa\/crisolfm\/?p=27132"},"modified":"2020-03-04T14:43:45","modified_gmt":"2020-03-04T14:43:45","slug":"francia-premia-a-la-plataforma-feminista-de-ecuador-vivas-nos-queremos","status":"publish","type":"post","link":"https:\/\/sertv.gob.pa\/crisolfm\/francia-premia-a-la-plataforma-feminista-de-ecuador-vivas-nos-queremos\/","title":{"rendered":"Francia premia a la plataforma feminista de Ecuador \u00abVivas nos queremos\u00bb"},"content":{"rendered":"<p>La plataforma feminista de Ecuador \u00abVivas nos queremos\u00bb fue distinguida este martes en Par\u00eds por el Ministerio de Relaciones Exteriores franc\u00e9s con el galard\u00f3n Simone-Veil, que premia a las personas o colectivos comprometidos con la igualdad de g\u00e9nero en todo el mundo.<\/p>\n<p>El canciller franc\u00e9s, Jean-Yves Le Drian, le entreg\u00f3 el premio, dotado con 100.000 euros, a Ruth Montenegro, integrante de la plataforma, quien lo dedic\u00f3 a \u00ablas mujeres del mundo entero\u00bb, porque ellas \u00abcon [su lucha] est\u00e1n creando nuevas posibilidades y nuevas formas de relaci\u00f3n entre hombres y mujeres\u00bb.<\/p>\n<p>\u00abTraigo en mi voz el grito, el clamor de miles, de las supervivientes y de las familias para quienes nuestras muertas, nuestras desaparecidas, son el motor que impulsa y da sentido a nuestra lucha cotidiana\u00bb, declar\u00f3 solemnemente Montenegro durante una ceremonia en Par\u00eds, en la que exigi\u00f3 \u00abjusticia\u00bb y el fin de la \u00abimpunidad\u00bb para los cr\u00edmenes de car\u00e1cter machista.<\/p>\n<p>Por su parte, Le Drian advirti\u00f3 que \u00abestamos asistiendo a una regresi\u00f3n hist\u00f3rica en todo el mundo\u00bb, en el que \u00ablos derechos de las mujeres est\u00e1n amenazados\u00bb con \u00ablegislaciones punitivas\u00bb y actos de \u00abintimidaci\u00f3n y desinformaci\u00f3n\u00bb.<\/p>\n<p>La presidenta del jurado, la activista y abogada Anne Ravanona, afirm\u00f3 que \u00abVivas nos queremos\u00bb fue seleccionada entre m\u00e1s de 80 propuestas recibidas de m\u00e1s de 48 pa\u00edses, y elogi\u00f3 la labor de este \u00abcolectivo poco conocido\u00bb para \u00abmovilizar [a la sociedad] de forma intergeneracional con la expresi\u00f3n art\u00edstica y musical, en la calle\u00bb.<\/p>\n<p>La plataforma \u00abVivas nos queremos\u00bb agrupa a varios colectivos feministas y organiza desde hace cerca de cuatro a\u00f1os manifestaciones por los derechos de las mujeres, adem\u00e1s de aportar asistencia psicol\u00f3gica y legal a mujeres, explicaron a la AFP desde el colectivo.<\/p>\n<p>AFP<\/p>\n","protected":false},"excerpt":{"rendered":"<p>La plataforma feminista de Ecuador \u00abVivas nos queremos\u00bb fue distinguida <a href=\"https:\/\/sertv.gob.pa\/crisolfm\/francia-premia-a-la-plataforma-feminista-de-ecuador-vivas-nos-queremos\/\"> [&#8230;]<\/a><\/p>\n","protected":false},"author":64,"featured_media":27133,"comment_status":"closed","ping_status":"closed","sticky":false,"template":"","format":"standard","meta":{"footnotes":""},"categories":[6],"tags":[],"class_list":["post-27132","post","type-post","status-publish","format-standard","has-post-thumbnail","hentry","category-culturales"],"_links":{"self":[{"href":"https:\/\/sertv.gob.pa\/crisolfm\/wp-json\/wp\/v2\/posts\/27132","targetHints":{"allow":["GET"]}}],"collection":[{"href":"https:\/\/sertv.gob.pa\/crisolfm\/wp-json\/wp\/v2\/posts"}],"about":[{"href":"https:\/\/sertv.gob.pa\/crisolfm\/wp-json\/wp\/v2\/types\/post"}],"author":[{"embeddable":true,"href":"https:\/\/sertv.gob.pa\/crisolfm\/wp-json\/wp\/v2\/users\/64"}],"replies":[{"embeddable":true,"href":"https:\/\/sertv.gob.pa\/crisolfm\/wp-json\/wp\/v2\/comments?post=27132"}],"version-history":[{"count":1,"href":"https:\/\/sertv.gob.pa\/crisolfm\/wp-json\/wp\/v2\/posts\/27132\/revisions"}],"predecessor-version":[{"id":27134,"href":"https:\/\/sertv.gob.pa\/crisolfm\/wp-json\/wp\/v2\/posts\/27132\/revisions\/27134"}],"wp:featuredmedia":[{"embeddable":true,"href":"https:\/\/sertv.gob.pa\/crisolfm\/wp-json\/wp\/v2\/media\/27133"}],"wp:attachment":[{"href":"https:\/\/sertv.gob.pa\/crisolfm\/wp-json\/wp\/v2\/media?parent=27132"}],"wp:term":[{"taxonomy":"category","embeddable":true,"href":"https:\/\/sertv.gob.pa\/crisolfm\/wp-json\/wp\/v2\/categories?post=27132"},{"taxonomy":"post_tag","embeddable":true,"href":"https:\/\/sertv.gob.pa\/crisolfm\/wp-json\/wp\/v2\/tags?post=27132"}],"curies":[{"name":"wp","href":"https:\/\/api.w.org\/{rel}","templated":true}]}}