{"id":27135,"date":"2020-03-04T14:53:00","date_gmt":"2020-03-04T14:53:00","guid":{"rendered":"https:\/\/sertv.gob.pa\/crisolfm\/?p=27135"},"modified":"2020-03-04T14:53:00","modified_gmt":"2020-03-04T14:53:00","slug":"dos-irlandesas-ganan-el-pritzker-el-nobel-de-la-arquitectura","status":"publish","type":"post","link":"https:\/\/sertv.gob.pa\/crisolfm\/dos-irlandesas-ganan-el-pritzker-el-nobel-de-la-arquitectura\/","title":{"rendered":"Dos irlandesas ganan el Pritzker, el \u00abNobel de la arquitectura\u00bb"},"content":{"rendered":"<p style=\"text-align: justify\">Dos mujeres pioneras en una profesi\u00f3n dominada por hombres, las irlandesas\u00a0Yvonne\u00a0Farrell\u00a0y Shelley McNamara, fueron recompensadas este martes con el prestigioso premio Pritzker, el equivalente al premio Nobel de arquitectura.<\/p>\n<p style=\"text-align: justify\">Educadoras y arquitectas que se conocieron en la Universidad de Dubl\u00edn y trabajan juntas en su firma Grafton Architects desde hace m\u00e1s de 40 a\u00f1os,\u00a0Farrell\u00a0y McNamara \u00abcrean espacios que son a la vez respetuosos y nuevos, honrando la historia al tiempo que demuestran un dominio del ambiente urbano y el oficio de la construcci\u00f3n\u00bb, dijo en un comunicado la Fundaci\u00f3n Hyatt, que auspicia el premio.<\/p>\n<p style=\"text-align: justify\">Es la primera vez que el Pritzker es otorgado a un d\u00fao de mujeres.<\/p>\n<p style=\"text-align: justify\">\u00abPioneras en un campo que tradicionalmente ha sido y a\u00fan es dominado por hombres\u00bb,\u00a0Farrell\u00a0y McNamara \u00abson tambi\u00e9n faros para otras mujeres al forjar su camino profesional ejemplar\u00bb, dijo el jurado.<\/p>\n<p style=\"text-align: justify\">\u00a0AFP<\/p>\n","protected":false},"excerpt":{"rendered":"<p>Dos mujeres pioneras en una profesi\u00f3n dominada por hombres, las <a href=\"https:\/\/sertv.gob.pa\/crisolfm\/dos-irlandesas-ganan-el-pritzker-el-nobel-de-la-arquitectura\/\"> [&#8230;]<\/a><\/p>\n","protected":false},"author":64,"featured_media":27136,"comment_status":"closed","ping_status":"closed","sticky":false,"template":"","format":"standard","meta":{"footnotes":""},"categories":[6],"tags":[],"class_list":["post-27135","post","type-post","status-publish","format-standard","has-post-thumbnail","hentry","category-culturales"],"_links":{"self":[{"href":"https:\/\/sertv.gob.pa\/crisolfm\/wp-json\/wp\/v2\/posts\/27135","targetHints":{"allow":["GET"]}}],"collection":[{"href":"https:\/\/sertv.gob.pa\/crisolfm\/wp-json\/wp\/v2\/posts"}],"about":[{"href":"https:\/\/sertv.gob.pa\/crisolfm\/wp-json\/wp\/v2\/types\/post"}],"author":[{"embeddable":true,"href":"https:\/\/sertv.gob.pa\/crisolfm\/wp-json\/wp\/v2\/users\/64"}],"replies":[{"embeddable":true,"href":"https:\/\/sertv.gob.pa\/crisolfm\/wp-json\/wp\/v2\/comments?post=27135"}],"version-history":[{"count":1,"href":"https:\/\/sertv.gob.pa\/crisolfm\/wp-json\/wp\/v2\/posts\/27135\/revisions"}],"predecessor-version":[{"id":27137,"href":"https:\/\/sertv.gob.pa\/crisolfm\/wp-json\/wp\/v2\/posts\/27135\/revisions\/27137"}],"wp:featuredmedia":[{"embeddable":true,"href":"https:\/\/sertv.gob.pa\/crisolfm\/wp-json\/wp\/v2\/media\/27136"}],"wp:attachment":[{"href":"https:\/\/sertv.gob.pa\/crisolfm\/wp-json\/wp\/v2\/media?parent=27135"}],"wp:term":[{"taxonomy":"category","embeddable":true,"href":"https:\/\/sertv.gob.pa\/crisolfm\/wp-json\/wp\/v2\/categories?post=27135"},{"taxonomy":"post_tag","embeddable":true,"href":"https:\/\/sertv.gob.pa\/crisolfm\/wp-json\/wp\/v2\/tags?post=27135"}],"curies":[{"name":"wp","href":"https:\/\/api.w.org\/{rel}","templated":true}]}}