{"id":27143,"date":"2020-03-04T15:23:00","date_gmt":"2020-03-04T15:23:00","guid":{"rendered":"https:\/\/sertv.gob.pa\/crisolfm\/?p=27143"},"modified":"2020-03-04T15:23:00","modified_gmt":"2020-03-04T15:23:00","slug":"anulan-la-feria-del-libro-de-londres-debido-al-coronavirus","status":"publish","type":"post","link":"https:\/\/sertv.gob.pa\/crisolfm\/anulan-la-feria-del-libro-de-londres-debido-al-coronavirus\/","title":{"rendered":"Anulan la Feria del Libro de Londres debido al coronavirus"},"content":{"rendered":"<p style=\"text-align: justify\">Una de las mayores ferias editoriales del mundo, la Feria del Libro de Londres, fue cancelada debido al brote de coronavirus en Europa, anunciaron el mi\u00e9rcoles sus organizadores.<\/p>\n<p style=\"text-align: justify\">Muchos de los expositores y visitantes internacionales previstos en la feria, que deb\u00eda celebrarse del 10 al 12 de marzo, se enfrentan a restricciones de viaje a medida que aumentan las consecuencias del virus, explic\u00f3 Reed Exhibitions.<\/p>\n<p style=\"text-align: justify\">\u00abHemos estado siguiendo las directrices del gobierno brit\u00e1nico y trabajando con el asesoramiento de las autoridades de salud p\u00fablica y otras organizaciones, por lo que pese a nuestra reticencia tomamos la decisi\u00f3n de no seguir adelante\u00bb, afirm\u00f3.<\/p>\n<p style=\"text-align: justify\">Unas 25.000 personas deb\u00edan asistir a la feria de este a\u00f1o en el centro de exposiciones y conferencias Olympia London, en el oeste de Londres.<\/p>\n<p style=\"text-align: justify\">La revista especializada The Bookseller inform\u00f3 la semana pasada que importantes editoriales brit\u00e1nicas se hab\u00edan retirado del evento, entre ellas Penguin Random House, Simon &amp; Schuster y HarperCollins.<\/p>\n<p style=\"text-align: justify\">AFP<\/p>\n","protected":false},"excerpt":{"rendered":"<p>Una de las mayores ferias editoriales del mundo, la Feria <a href=\"https:\/\/sertv.gob.pa\/crisolfm\/anulan-la-feria-del-libro-de-londres-debido-al-coronavirus\/\"> [&#8230;]<\/a><\/p>\n","protected":false},"author":64,"featured_media":27144,"comment_status":"closed","ping_status":"closed","sticky":false,"template":"","format":"standard","meta":{"footnotes":""},"categories":[6],"tags":[],"class_list":["post-27143","post","type-post","status-publish","format-standard","has-post-thumbnail","hentry","category-culturales"],"_links":{"self":[{"href":"https:\/\/sertv.gob.pa\/crisolfm\/wp-json\/wp\/v2\/posts\/27143","targetHints":{"allow":["GET"]}}],"collection":[{"href":"https:\/\/sertv.gob.pa\/crisolfm\/wp-json\/wp\/v2\/posts"}],"about":[{"href":"https:\/\/sertv.gob.pa\/crisolfm\/wp-json\/wp\/v2\/types\/post"}],"author":[{"embeddable":true,"href":"https:\/\/sertv.gob.pa\/crisolfm\/wp-json\/wp\/v2\/users\/64"}],"replies":[{"embeddable":true,"href":"https:\/\/sertv.gob.pa\/crisolfm\/wp-json\/wp\/v2\/comments?post=27143"}],"version-history":[{"count":1,"href":"https:\/\/sertv.gob.pa\/crisolfm\/wp-json\/wp\/v2\/posts\/27143\/revisions"}],"predecessor-version":[{"id":27145,"href":"https:\/\/sertv.gob.pa\/crisolfm\/wp-json\/wp\/v2\/posts\/27143\/revisions\/27145"}],"wp:featuredmedia":[{"embeddable":true,"href":"https:\/\/sertv.gob.pa\/crisolfm\/wp-json\/wp\/v2\/media\/27144"}],"wp:attachment":[{"href":"https:\/\/sertv.gob.pa\/crisolfm\/wp-json\/wp\/v2\/media?parent=27143"}],"wp:term":[{"taxonomy":"category","embeddable":true,"href":"https:\/\/sertv.gob.pa\/crisolfm\/wp-json\/wp\/v2\/categories?post=27143"},{"taxonomy":"post_tag","embeddable":true,"href":"https:\/\/sertv.gob.pa\/crisolfm\/wp-json\/wp\/v2\/tags?post=27143"}],"curies":[{"name":"wp","href":"https:\/\/api.w.org\/{rel}","templated":true}]}}