{"id":27157,"date":"2020-03-05T13:18:02","date_gmt":"2020-03-05T13:18:02","guid":{"rendered":"https:\/\/sertv.gob.pa\/crisolfm\/?p=27157"},"modified":"2020-03-05T13:18:02","modified_gmt":"2020-03-05T13:18:02","slug":"posponen-3-meses-la-bienal-de-arquitectura-de-venecia-por-coronavirus","status":"publish","type":"post","link":"https:\/\/sertv.gob.pa\/crisolfm\/posponen-3-meses-la-bienal-de-arquitectura-de-venecia-por-coronavirus\/","title":{"rendered":"Posponen 3 meses la Bienal de Arquitectura de Venecia por coronavirus"},"content":{"rendered":"<p>La\u00a0Bienal de Arquitectura de Venecia, considerada la mayor cita mundial de arquitectura, que deber\u00eda inaugurarse en mayo ser\u00e1 pospuesta a agosto, debido al brote de coronavirus en el norte de Italia, anunciaron este mi\u00e9rcoles los organizadores.<\/p>\n<p>El certamen, que se celebra cada dos a\u00f1os desde 1980, se llevar\u00e1 a cabo del 29 de agosto al 29 de noviembre, inform\u00f3 la Bienal de Venecia en un comunicado.<\/p>\n<p>\u00abLas nuevas fechas para la Bienal de Arquitectura se han establecido como consecuencia de las recientes medidas de precauci\u00f3n en materia de movilidad adoptadas por los gobiernos de un n\u00famero creciente de pa\u00edses de todo el mundo, lo que tendr\u00e1 un efecto domin\u00f3 en el movimiento de personas y trabajos de las pr\u00f3ximas semanas\u00bb, afirma la nota.<\/p>\n<p>La edici\u00f3n estar\u00e1 abierta s\u00f3lo tres meses en vez de seis como es tradici\u00f3n.<\/p>\n<p>\u00abNo queriendo abrir una muestra incompleta, este a\u00f1o tendr\u00e1 s\u00f3lo una\u00a0duraci\u00f3n de tres meses\u00bb, precisa el comunicado.<\/p>\n<p>Otras importantes citas culturales europeas, entre ellas la Feria del Libro de Londres y la feria del Libro de Par\u00eds tuvieron que ser canceladas debido al brote de coronavirus en Europa.<\/p>\n<p>AFP<\/p>\n","protected":false},"excerpt":{"rendered":"<p>La\u00a0Bienal de Arquitectura de Venecia, considerada la mayor cita mundial <a href=\"https:\/\/sertv.gob.pa\/crisolfm\/posponen-3-meses-la-bienal-de-arquitectura-de-venecia-por-coronavirus\/\"> [&#8230;]<\/a><\/p>\n","protected":false},"author":64,"featured_media":27158,"comment_status":"closed","ping_status":"closed","sticky":false,"template":"","format":"standard","meta":{"footnotes":""},"categories":[6],"tags":[],"class_list":["post-27157","post","type-post","status-publish","format-standard","has-post-thumbnail","hentry","category-culturales"],"_links":{"self":[{"href":"https:\/\/sertv.gob.pa\/crisolfm\/wp-json\/wp\/v2\/posts\/27157","targetHints":{"allow":["GET"]}}],"collection":[{"href":"https:\/\/sertv.gob.pa\/crisolfm\/wp-json\/wp\/v2\/posts"}],"about":[{"href":"https:\/\/sertv.gob.pa\/crisolfm\/wp-json\/wp\/v2\/types\/post"}],"author":[{"embeddable":true,"href":"https:\/\/sertv.gob.pa\/crisolfm\/wp-json\/wp\/v2\/users\/64"}],"replies":[{"embeddable":true,"href":"https:\/\/sertv.gob.pa\/crisolfm\/wp-json\/wp\/v2\/comments?post=27157"}],"version-history":[{"count":1,"href":"https:\/\/sertv.gob.pa\/crisolfm\/wp-json\/wp\/v2\/posts\/27157\/revisions"}],"predecessor-version":[{"id":27159,"href":"https:\/\/sertv.gob.pa\/crisolfm\/wp-json\/wp\/v2\/posts\/27157\/revisions\/27159"}],"wp:featuredmedia":[{"embeddable":true,"href":"https:\/\/sertv.gob.pa\/crisolfm\/wp-json\/wp\/v2\/media\/27158"}],"wp:attachment":[{"href":"https:\/\/sertv.gob.pa\/crisolfm\/wp-json\/wp\/v2\/media?parent=27157"}],"wp:term":[{"taxonomy":"category","embeddable":true,"href":"https:\/\/sertv.gob.pa\/crisolfm\/wp-json\/wp\/v2\/categories?post=27157"},{"taxonomy":"post_tag","embeddable":true,"href":"https:\/\/sertv.gob.pa\/crisolfm\/wp-json\/wp\/v2\/tags?post=27157"}],"curies":[{"name":"wp","href":"https:\/\/api.w.org\/{rel}","templated":true}]}}