{"id":27161,"date":"2020-03-05T13:28:15","date_gmt":"2020-03-05T13:28:15","guid":{"rendered":"https:\/\/sertv.gob.pa\/crisolfm\/?p=27161"},"modified":"2020-03-05T13:28:15","modified_gmt":"2020-03-05T13:28:15","slug":"festival-folclorico-de-panama-2020-extiende-periodo-de-inscripciones","status":"publish","type":"post","link":"https:\/\/sertv.gob.pa\/crisolfm\/festival-folclorico-de-panama-2020-extiende-periodo-de-inscripciones\/","title":{"rendered":"Festival Folcl\u00f3rico de Panam\u00e1 2020 extiende periodo de inscripciones"},"content":{"rendered":"<p>La <a href=\"https:\/\/www.prensa.com\/tema\/alcald-a-de-panam\/\" target=\"_blank\" rel=\"noopener\">Alcald\u00eda de Panam\u00e1<\/a> anunci\u00f3 que extendi\u00f3 el periodo de inscripciones para el Festival Folcl\u00f3rico de Panam\u00e1 2020. El plazo vencer\u00e1 ahora hasta las 4:00 p.m. del viernes 6 de marzo, con la finalidad de darle una mayor oportunidad a las delegaciones de todo el pa\u00eds de participar en esta actividad, se\u00f1al\u00f3 la Alcald\u00eda en un comunicado.<\/p>\n<p>Las delegaciones pueden inscribirse a trav\u00e9s de la p\u00e1gina web: <a href=\"https:\/\/mupa.gob.pa\/\" target=\"_blank\" rel=\"noopener\">mupa.gob.pa<\/a>, donde deber\u00e1n ingresar a la secci\u00f3n de <strong>Desfile Folcl\u00f3rico de Panam\u00e1<\/strong>.<\/p>\n<p>Igualmente podr\u00e1n inscribirse a la Direcci\u00f3n de Cultura y Educaci\u00f3n Ciudadana (DCEC), a los tel\u00e9fonos 506-9835\/9836 (extensiones 7270\/7298) en horas de oficina.<\/p>\n<p>El Festival Folcl\u00f3rico de Panam\u00e1 2020 se llevar\u00e1 a cabo el 26 de abril, en la cinta costera.<\/p>\n<p>&nbsp;<\/p>\n","protected":false},"excerpt":{"rendered":"<p>La Alcald\u00eda de Panam\u00e1 anunci\u00f3 que extendi\u00f3 el periodo de <a href=\"https:\/\/sertv.gob.pa\/crisolfm\/festival-folclorico-de-panama-2020-extiende-periodo-de-inscripciones\/\"> [&#8230;]<\/a><\/p>\n","protected":false},"author":64,"featured_media":27162,"comment_status":"closed","ping_status":"closed","sticky":false,"template":"","format":"standard","meta":{"footnotes":""},"categories":[6],"tags":[],"class_list":["post-27161","post","type-post","status-publish","format-standard","has-post-thumbnail","hentry","category-culturales"],"_links":{"self":[{"href":"https:\/\/sertv.gob.pa\/crisolfm\/wp-json\/wp\/v2\/posts\/27161","targetHints":{"allow":["GET"]}}],"collection":[{"href":"https:\/\/sertv.gob.pa\/crisolfm\/wp-json\/wp\/v2\/posts"}],"about":[{"href":"https:\/\/sertv.gob.pa\/crisolfm\/wp-json\/wp\/v2\/types\/post"}],"author":[{"embeddable":true,"href":"https:\/\/sertv.gob.pa\/crisolfm\/wp-json\/wp\/v2\/users\/64"}],"replies":[{"embeddable":true,"href":"https:\/\/sertv.gob.pa\/crisolfm\/wp-json\/wp\/v2\/comments?post=27161"}],"version-history":[{"count":1,"href":"https:\/\/sertv.gob.pa\/crisolfm\/wp-json\/wp\/v2\/posts\/27161\/revisions"}],"predecessor-version":[{"id":27163,"href":"https:\/\/sertv.gob.pa\/crisolfm\/wp-json\/wp\/v2\/posts\/27161\/revisions\/27163"}],"wp:featuredmedia":[{"embeddable":true,"href":"https:\/\/sertv.gob.pa\/crisolfm\/wp-json\/wp\/v2\/media\/27162"}],"wp:attachment":[{"href":"https:\/\/sertv.gob.pa\/crisolfm\/wp-json\/wp\/v2\/media?parent=27161"}],"wp:term":[{"taxonomy":"category","embeddable":true,"href":"https:\/\/sertv.gob.pa\/crisolfm\/wp-json\/wp\/v2\/categories?post=27161"},{"taxonomy":"post_tag","embeddable":true,"href":"https:\/\/sertv.gob.pa\/crisolfm\/wp-json\/wp\/v2\/tags?post=27161"}],"curies":[{"name":"wp","href":"https:\/\/api.w.org\/{rel}","templated":true}]}}